{"id":29475,"date":"2021-07-07T22:17:52","date_gmt":"2021-07-08T03:17:52","guid":{"rendered":"http:\/\/www.zonaroja.com.mx\/?p=29475"},"modified":"2021-07-08T07:38:49","modified_gmt":"2021-07-08T12:38:49","slug":"urge-diputado-al-gobernador-implementar-plan-para-recuperacion-de-aguas-pluviales","status":"publish","type":"post","link":"https:\/\/zonaroja.com.mx\/?p=29475","title":{"rendered":"Urge diputado al gobernador implementar plan para recuperaci\u00f3n de aguas pluviales"},"content":{"rendered":"\n<p>Redacci\u00f3n\/Zona Roja.<\/p>\n\n\n\n<p>Oaxaca de Ju\u00e1rez, Oax., 7 de julio de 2021.- A propuesta del diputado Horacio Sosa Villavicencio, el Congreso del Estado de Oaxaca solicit\u00f3 al gobernador Alejandro Murat Hinojosa, garantizar el abasto de agua para consumo humano y para uso agr\u00edcola en el estado de Oaxaca, a trav\u00e9s de la recuperaci\u00f3n del agua pluvial.<\/p>\n\n\n\n<p>El llamado legislativo le pide al Ejecutivo estatal establecer de manera urgente un Plan Estatal para la Recuperaci\u00f3n de Aguas Pluviales, que tome en cuenta la experiencia de las pr\u00e1cticas ind\u00edgenas comunitarias de la Coordinadora de Pueblos Unidos por la Defensa del Agua en la zona de Zimatl\u00e1n-Ocotl\u00e1n.<\/p>\n\n\n\n<p>Al hacer uso de la voz, el legislador morenista, se\u00f1al\u00f3 que en el estado de Oaxaca, la falta del vital l\u00edquido, es una constante. Indic\u00f3 que han sido p\u00fablicas las advertencias de la grave posibilidad de que en diez a\u00f1os m\u00e1s, la entidad se quede sin agua para consumo humano, y sin agua para uso agr\u00edcola.<\/p>\n\n\n\n<p>Ante esta situaci\u00f3n, consider\u00f3 indispensable que la sociedad entera, pero especialmente los gobiernos, que son los que cuentan con los recursos p\u00fablicos y capacidad para manejarlos, encuentren los mecanismos para reparar el da\u00f1o que la humanidad le ha hecho a la naturaleza, y as\u00ed tener mejores condiciones de vida para todas y para todos.<\/p>\n\n\n\n<p>Refiri\u00f3 que en el valle de Zimatl\u00e1n-Ocotl\u00e1n, existen las que ya han sido nombradas como comunidades sembradoras de agua, campesinas y campesinos que se han organizado de manera conjunta, para defender la vida del planeta.<\/p>\n\n\n\n<p>Sosa Villavicencio reconoci\u00f3 el trabajo de la Coordinadora de Pueblos Unidos por la Defensa del Agua (COPUDA), en los distritos de Ocotl\u00e1n Morelos y Zimatl\u00e1n de \u00c1lvarez, que, ante la escasez de agua, realizan diversas obras de captaci\u00f3n de agua de lluvia en las comunidades.<\/p>\n\n\n\n<figure class=\"wp-block-embed-twitter wp-block-embed is-type-rich is-provider-twitter\"><div class=\"wp-block-embed__wrapper\">\n<div class=\"twitter-tweet\"><blockquote class=\"twitter-tweet\" data-lang=\"es\"><p lang=\"es\" dir=\"ltr\">En la sesi\u00f3n ordinaria de este mi\u00e9rcoles del <a href=\"https:\/\/twitter.com\/CongresoOaxLXIV?ref_src=twsrc%5Etfw\">@CongresoOaxLXIV<\/a>, el diputado local <a href=\"https:\/\/twitter.com\/HoracioSosaOax?ref_src=twsrc%5Etfw\">@HoracioSosaOax<\/a>, propuso un exhorto el Poder Ejecutivo para implementar un plan estatal de recuperaci\u00f3n de aguas pluviales, as\u00ed como retomar y fortalecer las pr\u00e1cticas comunitarias. <a href=\"https:\/\/t.co\/3mvRYHZoCY\">pic.twitter.com\/3mvRYHZoCY<\/a><\/p>&mdash; Zona Roja Oaxaca (@Zona_Roja_Oax) <a href=\"https:\/\/twitter.com\/Zona_Roja_Oax\/status\/1412928993423155206?ref_src=twsrc%5Etfw\">8 de julio de 2021<\/a><\/blockquote><\/div>\n<\/div><\/figure>\n\n\n\n<p>El diputado de Morena detall\u00f3 que dentro de los trabajos realizados por COPUDA se encuentran: la implementaci\u00f3n de pozos r\u00fasticos de infiltraci\u00f3n, infiltraci\u00f3n a trav\u00e9s de pozos que se quedaron sin agua, construcci\u00f3n de pozos de infiltraci\u00f3n, con aporte de los gobiernos municipales y el tequio de las comunidades.<\/p>\n\n\n\n<p>Entre otras actividades, tambi\u00e9n realizan la captaci\u00f3n de agua pluvial en domicilios, captaci\u00f3n de agua a trav\u00e9s de invernaderos, retenes de agua comunitarios en las cabeceras y en agencias municipales, reforestaci\u00f3n, manejo integral de la basura, campa\u00f1as de concientizaci\u00f3n, reuniones comunitarias de an\u00e1lisis y capacitaci\u00f3n, y ello a trav\u00e9s del fortalecimiento del sentido comunitario.<\/p>\n\n\n\n<p>Finalmente, el legisldor se dijo convencido de que las ense\u00f1anzas de los pueblos ind\u00edgenas son indispensables, para un mejor futuro y calidad de vida para las nuevas generaciones.<\/p>\n\n\n\n<p>El Punto de Acuerdo presentado por el diputado Horacio Sosa Villavicencio fue avalado por la mayor\u00eda de las y los diputados presentes en la sesi\u00f3n ordinaria.<\/p>\n","protected":false},"excerpt":{"rendered":"<p>Redacci\u00f3n\/Zona Roja. Oaxaca de Ju\u00e1rez, Oax., 7 de julio de 2021.- A propuesta del diputado&hellip;<\/p>\n","protected":false},"author":2,"featured_media":29476,"comment_status":"closed","ping_status":"open","sticky":false,"template":"","format":"standard","meta":{"_lmt_disableupdate":"","_lmt_disable":"","_jetpack_memberships_contains_paid_content":false,"footnotes":""},"categories":[109,46],"tags":[444],"class_list":["post-29475","post","type-post","status-publish","format-standard","has-post-thumbnail","hentry","category-minuto-a-minuto","category-zona-blanca","tag-horacio-sosa-villavicencio"],"jetpack_featured_media_url":"https:\/\/zonaroja.com.mx\/wp-content\/uploads\/2021\/07\/Horacio-Sosa-Villavicencio-1.jpeg","jetpack_sharing_enabled":true,"_links":{"self":[{"href":"https:\/\/zonaroja.com.mx\/index.php?rest_route=\/wp\/v2\/posts\/29475","targetHints":{"allow":["GET"]}}],"collection":[{"href":"https:\/\/zonaroja.com.mx\/index.php?rest_route=\/wp\/v2\/posts"}],"about":[{"href":"https:\/\/zonaroja.com.mx\/index.php?rest_route=\/wp\/v2\/types\/post"}],"author":[{"embeddable":true,"href":"https:\/\/zonaroja.com.mx\/index.php?rest_route=\/wp\/v2\/users\/2"}],"replies":[{"embeddable":true,"href":"https:\/\/zonaroja.com.mx\/index.php?rest_route=%2Fwp%2Fv2%2Fcomments&post=29475"}],"version-history":[{"count":1,"href":"https:\/\/zonaroja.com.mx\/index.php?rest_route=\/wp\/v2\/posts\/29475\/revisions"}],"predecessor-version":[{"id":29477,"href":"https:\/\/zonaroja.com.mx\/index.php?rest_route=\/wp\/v2\/posts\/29475\/revisions\/29477"}],"wp:featuredmedia":[{"embeddable":true,"href":"https:\/\/zonaroja.com.mx\/index.php?rest_route=\/wp\/v2\/media\/29476"}],"wp:attachment":[{"href":"https:\/\/zonaroja.com.mx\/index.php?rest_route=%2Fwp%2Fv2%2Fmedia&parent=29475"}],"wp:term":[{"taxonomy":"category","embeddable":true,"href":"https:\/\/zonaroja.com.mx\/index.php?rest_route=%2Fwp%2Fv2%2Fcategories&post=29475"},{"taxonomy":"post_tag","embeddable":true,"href":"https:\/\/zonaroja.com.mx\/index.php?rest_route=%2Fwp%2Fv2%2Ftags&post=29475"}],"curies":[{"name":"wp","href":"https:\/\/api.w.org\/{rel}","templated":true}]}}