{"id":29479,"date":"2021-07-08T07:44:01","date_gmt":"2021-07-08T12:44:01","guid":{"rendered":"http:\/\/www.zonaroja.com.mx\/?p=29479"},"modified":"2021-07-08T09:12:11","modified_gmt":"2021-07-08T14:12:11","slug":"no-tolerare-actos-de-intimidacion-contra-mujeres-ninos-y-medios-maria-elena","status":"publish","type":"post","link":"https:\/\/zonaroja.com.mx\/?p=29479","title":{"rendered":"\u201cNo tolerar\u00e9 actos de intimidaci\u00f3n contra mujeres, ni\u00f1os y medios\u201d: Mar\u00eda Elena"},"content":{"rendered":"\n<p>Ismael Garc\u00eda M.\/Zona Roja.<\/p>\n\n\n\n<p>Oaxaca de Ju\u00e1rez, Oax., 8 de julio de 2021.- Tras la marcha de ayer en apoyo a Juan Antonio Vera Carrizal, en prisi\u00f3n acusado del delito de tentativa de feminicidio, Mar\u00eda Elena R\u00edos Ortiz asegur\u00f3 que no tolerar\u00e1 actos de intimidaci\u00f3n en contra de mujeres, ni\u00f1os y medios de comunicaci\u00f3n.<\/p>\n\n\n\n<p>Ello en referencia a la amenaza que profiri\u00f3 ayer un individuo identificado como Roberto Vera Carrizal &#8211;hermano del acusado de ordenar ataque con \u00e1cido a la joven saxofonista&#8211;, a al menos dos periodistas, uno de ellos Ernesto Rojas Ayuzo, del sitio informativo \u201cHey Oaxaca\u201d.<\/p>\n\n\n\n<p>\u201cNo era mi deseo subirme a una tarima para pelear la raz\u00f3n porque la tengo, las pruebas me respaldan y las autoridades est\u00e1n obligadas a detener al quinto criminal que intent\u00f3 quitarme la vida con \u00e1cido, un acto que adem\u00e1s de ruin es en todo su esplendor cobarde\u201d, dijo.<\/p>\n\n\n\n<p>En un comunicado difundido anoche, horas despu\u00e9s de la marcha en la capital oaxaque\u00f1a, en que presuntamente hubo acarreo de personas por parte del Partido Verde Ecologista de M\u00e9xico, Mar\u00eda Elena fij\u00f3 su postura:<\/p>\n\n\n\n<p>\u201cLos actos del d\u00eda de hoy (ayer) en la ciudad de Oaxaca son constitutivos como el delito de discriminaci\u00f3n y atentan contra los derechos que tengo como v\u00edctima. Esto que est\u00e1n haciendo son actos que incitan al odio, en contra de mi familia y mi persona, quienes a lo largo de casi dos a\u00f1os hemos sido y somos v\u00edctimas, en este feminicidio en tentativa lo \u00fanico que he solicitado es justicia y legalidad.<\/p>\n\n\n\n<figure class=\"wp-block-embed-twitter wp-block-embed is-type-rich is-provider-twitter\"><div class=\"wp-block-embed__wrapper\">\n<div class=\"twitter-tweet\"><blockquote class=\"twitter-tweet\" data-lang=\"es\"><p lang=\"es\" dir=\"ltr\">7am y para ti ya es medio d\u00eda, desde las 5am q despertaste.<br>No tienes plan porq ya no tienes fuero para salir como antes, los sobornos cada vez son m\u00e1s dif\u00edciles d enlazar. Hay libertades eternas y otras caducas, as\u00ed como la tuya. <a href=\"https:\/\/twitter.com\/hashtag\/feminicida?src=hash&amp;ref_src=twsrc%5Etfw\">#feminicida<\/a> <a href=\"https:\/\/twitter.com\/hashtag\/MiAgresorSigueLibre?src=hash&amp;ref_src=twsrc%5Etfw\">#MiAgresorSigueLibre<\/a> \u26a0\ufe0fAy\u00fadame\u26a0\ufe0f <a href=\"https:\/\/t.co\/2ufpYql23F\">pic.twitter.com\/2ufpYql23F<\/a><\/p>&mdash; Elena R\u00edos \ud83c\udfb7 (@_ElenaRios) <a href=\"https:\/\/twitter.com\/_ElenaRios\/status\/1412752008537276428?ref_src=twsrc%5Etfw\">7 de julio de 2021<\/a><\/blockquote><\/div>\n<\/div><\/figure>\n\n\n\n<p>\u201cAdem\u00e1s, pretenden que de una manera soberbia, impositiva y violenta colocarse como un movimiento para defender a criminales. Uniformando las distintas necesidades de sus empleadas para que protesten, pasando por encima de su dignidad como mujeres.<\/p>\n\n\n\n<p>\u201cAs\u00ed como tambi\u00e9n la violencia que ejercen en contra de las y los menores de edad, quienes fueron obligados a asistir y exponer su vida y salud en la manifestaci\u00f3n\u201d, remarc\u00f3 la joven saxofonista, atacada con \u00e1cido en septiembre del a\u00f1o 2019, en Huajuapan de Le\u00f3n.<\/p>\n\n\n\n<p>\u201cRechazamos cualquier tipo de intimidaci\u00f3n y amenazas de muerte en contra de nuestros compa\u00f1eros comunicadores por parte de la familia de mis agresores. Si eso se atreven con ellos en p\u00fablico, a qu\u00e9 m\u00e1s no se volver\u00edan a atrever conmigo y mi familia, es por ello que los responsabilizo directamente si algo nos llegase a pasar\u201d, remarc\u00f3 en su comunicado.<\/p>\n\n\n\n<p>Confi\u00f3 en que a la brevedad sea detenido el quinto implicado (Juan Antonio Vera Hern\u00e1ndez) en el intento de feminicidio en su contra; \u201cla procuraci\u00f3n de justicia no se negocia bajo ning\u00fan tipo de presi\u00f3n social o manifestaciones\u201d, expuso.<\/p>\n\n\n\n<figure class=\"wp-block-embed-twitter wp-block-embed is-type-rich is-provider-twitter\"><div class=\"wp-block-embed__wrapper\">\n<div class=\"twitter-tweet\"><blockquote class=\"twitter-tweet\" data-lang=\"es\"><p lang=\"es\" dir=\"ltr\"><a href=\"https:\/\/twitter.com\/hashtag\/%C3%9AltimoMinuto?src=hash&amp;ref_src=twsrc%5Etfw\">#\u00daltimoMinuto<\/a> <br>Para exigir la liberaci\u00f3n de Juan Antonio Vera Carrizal, acusado de tentativa de feminicidio contra <a href=\"https:\/\/twitter.com\/_ElenaRios?ref_src=twsrc%5Etfw\">@_ElenaRios<\/a>, un grupo de ciudadanos march\u00f3 en la ciudad de <a href=\"https:\/\/twitter.com\/hashtag\/Oaxaca?src=hash&amp;ref_src=twsrc%5Etfw\">#Oaxaca<\/a>. <br>Sin embargo, uno de los manifestantes intimid\u00f3 al <a href=\"https:\/\/twitter.com\/hashtag\/periodista?src=hash&amp;ref_src=twsrc%5Etfw\">#periodista<\/a> <a href=\"https:\/\/twitter.com\/rojasayuzo?ref_src=twsrc%5Etfw\">@rojasayuzo<\/a>, de <a href=\"https:\/\/twitter.com\/informativo570?ref_src=twsrc%5Etfw\">@informativo570<\/a>. <a href=\"https:\/\/t.co\/izRsN8DNFs\">pic.twitter.com\/izRsN8DNFs<\/a><\/p>&mdash; Zona Roja Oaxaca (@Zona_Roja_Oax) <a href=\"https:\/\/twitter.com\/Zona_Roja_Oax\/status\/1412821103794438144?ref_src=twsrc%5Etfw\">7 de julio de 2021<\/a><\/blockquote><\/div>\n<\/div><\/figure>\n","protected":false},"excerpt":{"rendered":"<p>Ismael Garc\u00eda M.\/Zona Roja. Oaxaca de Ju\u00e1rez, Oax., 8 de julio de 2021.- Tras la&hellip;<\/p>\n","protected":false},"author":2,"featured_media":0,"comment_status":"closed","ping_status":"open","sticky":false,"template":"","format":"standard","meta":{"_lmt_disableupdate":"","_lmt_disable":"","_jetpack_memberships_contains_paid_content":false,"footnotes":""},"categories":[109,46],"tags":[1124],"class_list":["post-29479","post","type-post","status-publish","format-standard","hentry","category-minuto-a-minuto","category-zona-blanca","tag-maria-elena-rios-ortiz"],"jetpack_featured_media_url":"","jetpack_sharing_enabled":true,"_links":{"self":[{"href":"https:\/\/zonaroja.com.mx\/index.php?rest_route=\/wp\/v2\/posts\/29479","targetHints":{"allow":["GET"]}}],"collection":[{"href":"https:\/\/zonaroja.com.mx\/index.php?rest_route=\/wp\/v2\/posts"}],"about":[{"href":"https:\/\/zonaroja.com.mx\/index.php?rest_route=\/wp\/v2\/types\/post"}],"author":[{"embeddable":true,"href":"https:\/\/zonaroja.com.mx\/index.php?rest_route=\/wp\/v2\/users\/2"}],"replies":[{"embeddable":true,"href":"https:\/\/zonaroja.com.mx\/index.php?rest_route=%2Fwp%2Fv2%2Fcomments&post=29479"}],"version-history":[{"count":1,"href":"https:\/\/zonaroja.com.mx\/index.php?rest_route=\/wp\/v2\/posts\/29479\/revisions"}],"predecessor-version":[{"id":29481,"href":"https:\/\/zonaroja.com.mx\/index.php?rest_route=\/wp\/v2\/posts\/29479\/revisions\/29481"}],"wp:attachment":[{"href":"https:\/\/zonaroja.com.mx\/index.php?rest_route=%2Fwp%2Fv2%2Fmedia&parent=29479"}],"wp:term":[{"taxonomy":"category","embeddable":true,"href":"https:\/\/zonaroja.com.mx\/index.php?rest_route=%2Fwp%2Fv2%2Fcategories&post=29479"},{"taxonomy":"post_tag","embeddable":true,"href":"https:\/\/zonaroja.com.mx\/index.php?rest_route=%2Fwp%2Fv2%2Ftags&post=29479"}],"curies":[{"name":"wp","href":"https:\/\/api.w.org\/{rel}","templated":true}]}}