{"id":29485,"date":"2021-07-08T09:05:10","date_gmt":"2021-07-08T14:05:10","guid":{"rendered":"http:\/\/www.zonaroja.com.mx\/?p=29485"},"modified":"2021-07-08T09:05:11","modified_gmt":"2021-07-08T14:05:11","slug":"busca-salomon-jara-cobijo-de-fuerza-por-mexico-y-de-porros","status":"publish","type":"post","link":"https:\/\/zonaroja.com.mx\/?p=29485","title":{"rendered":"Busca Salom\u00f3n Jara cobijo de Fuerza por M\u00e9xico\u2026 y de \u201cporros\u201d"},"content":{"rendered":"\n<p>Ismael Garc\u00eda M.\/Zona Roja.<\/p>\n\n\n\n<p>Oaxaca de Ju\u00e1rez, Oax., 8 de julio de 2021.- Ante el cada vez mayor abandono por parte de militantes de Morena, el senador Salom\u00f3n Jara Cruz busca el cobijo del Partido Fuerza por M\u00e9xico, que est\u00e1 en v\u00edas de perder su registro.<\/p>\n\n\n\n<p>Ayer, el aspirante por segunda ocasi\u00f3n a la primera magistratura de la entidad, se reuni\u00f3 con la dirigente estatal de ese naciente instituto pol\u00edtico, la ex priista Salom\u00e9 Mart\u00ednez Salazar, en un restaurante ubicado en la calle Reforma esquina con Constituci\u00f3n de la ciudad de Oaxaca.<\/p>\n\n\n\n<p>\u201cHoy me reun\u00ed con Salom\u00e9 Mart\u00ednez Salazar, dirigente de Fuerza por M\u00e9xico y con Miguel \u00c1ngel S\u00e1nchez Cruz quien es un referente nacional de Fuerza por M\u00e9xico\u201d, poste\u00f3 alrededor de las 11:38 horas en sus redes sociales.<\/p>\n\n\n\n<p>Al darse cuenta sus allegados del sentido de la publicaci\u00f3n, minutos m\u00e1s tarde lo cambi\u00f3:<\/p>\n\n\n\n<p>\u201cHoy me reun\u00ed como Salom\u00e9 Mart\u00ednez Salazar, dirigente de Fuerza Migrante y con Miguel \u00c1ngel S\u00e1nchez Cruz quien es un referente nacional de Fuerza Migrante\u201d.<\/p>\n\n\n\n<figure class=\"wp-block-image size-large\"><img decoding=\"async\" width=\"473\" height=\"1024\" src=\"http:\/\/www.zonaroja.com.mx\/wp-content\/uploads\/2021\/07\/ss1-473x1024.jpg\" alt=\"\" class=\"wp-image-29487\" srcset=\"https:\/\/zonaroja.com.mx\/wp-content\/uploads\/2021\/07\/ss1-473x1024.jpg 473w, https:\/\/zonaroja.com.mx\/wp-content\/uploads\/2021\/07\/ss1-139x300.jpg 139w, https:\/\/zonaroja.com.mx\/wp-content\/uploads\/2021\/07\/ss1-709x1536.jpg 709w, https:\/\/zonaroja.com.mx\/wp-content\/uploads\/2021\/07\/ss1-585x1267.jpg 585w, https:\/\/zonaroja.com.mx\/wp-content\/uploads\/2021\/07\/ss1.jpg 739w\" sizes=\"(max-width: 473px) 100vw, 473px\" \/><\/figure>\n\n\n\n<p>S\u00e1nchez Cruz es empresario restaurantero y es integrante de la dirigencia nacional de una agrupaci\u00f3n de connacionales en los Estados Unidos; Salom\u00e9 Mart\u00ednez no forma parte de dicha asociaci\u00f3n civil.<\/p>\n\n\n\n<p>De acuerdo con fuentes internas, Jara ofreci\u00f3 sus oficios pol\u00edticos en el Senado y otras instancias para apoyar al l\u00edder nacional de CATEM, Pedro Haces Barba, a que su partido no pierda el registro.<\/p>\n\n\n\n<p>A cambio, pidi\u00f3 que le apoyen en sus aspiraciones de ser candidato a la gubernatura, en partido a\u00fan por definir, as\u00ed sea con el respaldo de transportistas afiliados a la Confederaci\u00f3n Aut\u00f3noma de Trabajadores y Empleados de M\u00e9xico, caracterizado por su beligerancia.<\/p>\n\n\n\n<p>Por otra parte, Salom\u00f3n Jara se reuni\u00f3 tambi\u00e9n con un grupo de presuntos \u201cporros\u201d de la Universidad Aut\u00f3noma \u201cBenito Ju\u00e1rez\u201d de Oaxaca, a quienes defini\u00f3 como Frente de Organizaciones de Regeneraci\u00f3n Universitaria. <\/p>\n\n\n\n<p>\u201cLa iniciativa y la unidad son elementos fundamentales para alcanzar sus metas, un mejor futuro vamos a construir junto a ustedes\u201d, difundi\u00f3, entre cientos de supuestos estudiantes que han encabezado diversas movilizaciones en la UABJO.<\/p>\n","protected":false},"excerpt":{"rendered":"<p>Ismael Garc\u00eda M.\/Zona Roja. Oaxaca de Ju\u00e1rez, Oax., 8 de julio de 2021.- Ante el&hellip;<\/p>\n","protected":false},"author":2,"featured_media":29486,"comment_status":"closed","ping_status":"open","sticky":false,"template":"","format":"standard","meta":{"_lmt_disableupdate":"","_lmt_disable":"","_jetpack_memberships_contains_paid_content":false,"footnotes":""},"categories":[109,47],"tags":[939],"class_list":["post-29485","post","type-post","status-publish","format-standard","has-post-thumbnail","hentry","category-minuto-a-minuto","category-zona-gris","tag-salomon-jara-cruz"],"jetpack_featured_media_url":"https:\/\/zonaroja.com.mx\/wp-content\/uploads\/2021\/07\/Salomon-Jara-Fuerza-por-Mexico.jpg","jetpack_sharing_enabled":true,"_links":{"self":[{"href":"https:\/\/zonaroja.com.mx\/index.php?rest_route=\/wp\/v2\/posts\/29485","targetHints":{"allow":["GET"]}}],"collection":[{"href":"https:\/\/zonaroja.com.mx\/index.php?rest_route=\/wp\/v2\/posts"}],"about":[{"href":"https:\/\/zonaroja.com.mx\/index.php?rest_route=\/wp\/v2\/types\/post"}],"author":[{"embeddable":true,"href":"https:\/\/zonaroja.com.mx\/index.php?rest_route=\/wp\/v2\/users\/2"}],"replies":[{"embeddable":true,"href":"https:\/\/zonaroja.com.mx\/index.php?rest_route=%2Fwp%2Fv2%2Fcomments&post=29485"}],"version-history":[{"count":1,"href":"https:\/\/zonaroja.com.mx\/index.php?rest_route=\/wp\/v2\/posts\/29485\/revisions"}],"predecessor-version":[{"id":29488,"href":"https:\/\/zonaroja.com.mx\/index.php?rest_route=\/wp\/v2\/posts\/29485\/revisions\/29488"}],"wp:featuredmedia":[{"embeddable":true,"href":"https:\/\/zonaroja.com.mx\/index.php?rest_route=\/wp\/v2\/media\/29486"}],"wp:attachment":[{"href":"https:\/\/zonaroja.com.mx\/index.php?rest_route=%2Fwp%2Fv2%2Fmedia&parent=29485"}],"wp:term":[{"taxonomy":"category","embeddable":true,"href":"https:\/\/zonaroja.com.mx\/index.php?rest_route=%2Fwp%2Fv2%2Fcategories&post=29485"},{"taxonomy":"post_tag","embeddable":true,"href":"https:\/\/zonaroja.com.mx\/index.php?rest_route=%2Fwp%2Fv2%2Ftags&post=29485"}],"curies":[{"name":"wp","href":"https:\/\/api.w.org\/{rel}","templated":true}]}}