{"id":29495,"date":"2021-07-08T10:24:46","date_gmt":"2021-07-08T15:24:46","guid":{"rendered":"https:\/\/www.zonaroja.com.mx\/?p=29495"},"modified":"2021-07-08T10:28:04","modified_gmt":"2021-07-08T15:28:04","slug":"elementos-de-guardia-nacional-pedian-200-mil-y-una-camioneta-como-rescate","status":"publish","type":"post","link":"https:\/\/zonaroja.com.mx\/?p=29495","title":{"rendered":"Elementos de Guardia Nacional ped\u00edan $200 mil y una camioneta, como rescate"},"content":{"rendered":"\n<p>Ismael Garc\u00eda M.\/Zona Roja. <\/p>\n\n\n\n<p>Oaxaca de Ju\u00e1rez, Oax., 8 de julio de 2021.- Un monto de 200 mil pesos y una camioneta de lujo ped\u00edan los elementos de la Guardia Nacional que ayer secuestraron en Oaxaca a una persona originaria de la regi\u00f3n Sierra Sur.<\/p>\n\n\n\n<p>Mantuvieron a su v\u00edctima en una casa de seguridad ubicada en el fraccionamiento El Manantial, de San Pablo, Etla, donde adem\u00e1s ten\u00edan el veh\u00edculo del plagiado y una patrulla oficial. <\/p>\n\n\n\n<p>Estas son parte de las indagatorias de la Fiscal\u00eda General del Estado de Oaxaca, con respecto a los hechos sucedidos ayer por la tarde en la parte poniente de la capital.<\/p>\n\n\n\n<p>Tras ser amenazados con asesinar al secuestrado si no pagaban el rescate, familiares del originario de Miahuatl\u00e1n de Porfirio D\u00edaz pidieron ayuda de inmediato a la Fiscal\u00eda General del Estado.<\/p>\n\n\n\n<p>La instituci\u00f3n a su vez asign\u00f3 el caso a la Unidad Especializada de Combate al Secuestro (UECS), que dio con la casa de seguridad en San Pablo, hasta donde llegaron, y fue ah\u00ed donde se efectu\u00f3 el primer enfrentamiento y dos elementos de la Guardia Nacional fueron detenidos.<\/p>\n\n\n\n<p>En tanto otros elementos de la corporaci\u00f3n federal huyeron y unos m\u00e1s pretend\u00edan cobrar el rescate cerca de la Villa de Etla, donde lleg\u00f3 el personal de la UECS y se suscit\u00f3 otro enfrentamiento con resultado de tres personas heridas, un agente estatal (Santiago L.E., con placa 833) y dos de la Guardia, una de las cuales falleci\u00f3 en el hospital, Daniel G. T., subinspector. <\/p>\n\n\n\n<p>Personal de la Fiscal\u00eda General del Estado asegur\u00f3 la casa de seguridad de la Guardia Nacional, as\u00ed como las patrullas implicadas en los hechos.<\/p>\n\n\n\n<p>A trav\u00e9s de las redes sociales, la Guardia Nacional se limit\u00f3 a informar que colaborar\u00e1 con las investigaciones. <\/p>\n","protected":false},"excerpt":{"rendered":"<p>Ismael Garc\u00eda M.\/Zona Roja. Oaxaca de Ju\u00e1rez, Oax., 8 de julio de 2021.- Un monto&hellip;<\/p>\n","protected":false},"author":2,"featured_media":29494,"comment_status":"closed","ping_status":"open","sticky":false,"template":"","format":"standard","meta":{"_lmt_disableupdate":"","_lmt_disable":"","_jetpack_memberships_contains_paid_content":false,"footnotes":""},"categories":[109,47],"tags":[494],"class_list":["post-29495","post","type-post","status-publish","format-standard","has-post-thumbnail","hentry","category-minuto-a-minuto","category-zona-gris","tag-fiscalia-general-del-estado-de-oaxaca"],"jetpack_featured_media_url":"https:\/\/zonaroja.com.mx\/wp-content\/uploads\/2021\/07\/ec96dca5-4f99-4e35-ad08-e7a005a71ea8.jpg","jetpack_sharing_enabled":true,"_links":{"self":[{"href":"https:\/\/zonaroja.com.mx\/index.php?rest_route=\/wp\/v2\/posts\/29495","targetHints":{"allow":["GET"]}}],"collection":[{"href":"https:\/\/zonaroja.com.mx\/index.php?rest_route=\/wp\/v2\/posts"}],"about":[{"href":"https:\/\/zonaroja.com.mx\/index.php?rest_route=\/wp\/v2\/types\/post"}],"author":[{"embeddable":true,"href":"https:\/\/zonaroja.com.mx\/index.php?rest_route=\/wp\/v2\/users\/2"}],"replies":[{"embeddable":true,"href":"https:\/\/zonaroja.com.mx\/index.php?rest_route=%2Fwp%2Fv2%2Fcomments&post=29495"}],"version-history":[{"count":1,"href":"https:\/\/zonaroja.com.mx\/index.php?rest_route=\/wp\/v2\/posts\/29495\/revisions"}],"predecessor-version":[{"id":29496,"href":"https:\/\/zonaroja.com.mx\/index.php?rest_route=\/wp\/v2\/posts\/29495\/revisions\/29496"}],"wp:featuredmedia":[{"embeddable":true,"href":"https:\/\/zonaroja.com.mx\/index.php?rest_route=\/wp\/v2\/media\/29494"}],"wp:attachment":[{"href":"https:\/\/zonaroja.com.mx\/index.php?rest_route=%2Fwp%2Fv2%2Fmedia&parent=29495"}],"wp:term":[{"taxonomy":"category","embeddable":true,"href":"https:\/\/zonaroja.com.mx\/index.php?rest_route=%2Fwp%2Fv2%2Fcategories&post=29495"},{"taxonomy":"post_tag","embeddable":true,"href":"https:\/\/zonaroja.com.mx\/index.php?rest_route=%2Fwp%2Fv2%2Ftags&post=29495"}],"curies":[{"name":"wp","href":"https:\/\/api.w.org\/{rel}","templated":true}]}}