{"id":29497,"date":"2021-07-08T14:16:07","date_gmt":"2021-07-08T19:16:07","guid":{"rendered":"https:\/\/www.zonaroja.com.mx\/?p=29497"},"modified":"2021-07-08T14:16:08","modified_gmt":"2021-07-08T19:16:08","slug":"pide-amlo-a-murat-concrete-la-reconexion-de-manantial-en-ayutla","status":"publish","type":"post","link":"https:\/\/zonaroja.com.mx\/?p=29497","title":{"rendered":"Pide AMLO a Murat concrete la reconexi\u00f3n de manantial en Ayutla"},"content":{"rendered":"\n<p class=\"MsoNormal\">Evlin Arag\u00f3n\/Zona Roja. <\/p>\n\n\n\n<p class=\"MsoNormal\">Oaxaca de Ju\u00e1rez, Oax., 8 de julio de 2021.-&nbsp;El Presidente de la Rep\u00fablica, Andr\u00e9s Manuel L\u00f3pez Obrador, pidi\u00f3 la intervenci\u00f3n del gobernador Alejandro Murat Hinojosa, a fin de que se cumpla la resoluci\u00f3n emitida por el Tribunal Judicial que ordena la restituci\u00f3n del agua en San Pedro y San Pablo Ayutla.&nbsp;<\/p>\n\n\n\n<p class=\"MsoNormal\">Lo hizo en \u201cLa Ma\u00f1anera\u201d posterior a una pregunta expresa sobre el tema, en donde el mandatario indic\u00f3 que es fundamental la participaci\u00f3n de Murat Hinojosa para dar soluci\u00f3n a la problem\u00e1tica del agua, que est\u00e1 a punto de cumplir cuatro a\u00f1os.&nbsp;&nbsp;&nbsp;<\/p>\n\n\n\n<p class=\"MsoNormal\">\u201cOjal\u00e1 que el gobernador ayude, se lo pedimos a Alejandro Murat para que \u00e9l intervenga y se cumpla la resoluci\u00f3n\u201d, sostuvo.&nbsp;<\/p>\n\n\n\n<p class=\"MsoNormal\">La sentencia definitiva mandata a las autoridades del ayuntamiento de Tamazul\u00e1pam del Esp\u00edritu Santo, as\u00ed como al agente municipal de Tierra Blanca, el gobernador de Oaxaca, secretario general de Gobierno, director de la Comisi\u00f3n Estatal del Agua y de la Comisi\u00f3n Nacional del Agua, para que, dentro de un plazo de tres d\u00edas, cumplan con la reconexi\u00f3n al manantial.&nbsp;<\/p>\n\n\n\n<p class=\"MsoNormal\">De no hacerlo se les impondr\u00e1 una multa econ\u00f3mica de cien Unidades de Medida y Actualizaci\u00f3n (UMA), equivalente a 8 mil 962 pesos; adem\u00e1s que se pueden enfrentar a la separaci\u00f3n de su cargo y su respectiva consignaci\u00f3n, en caso de ignorar la resoluci\u00f3n.&nbsp;&nbsp;<\/p>\n\n\n\n<p class=\"MsoNormal\">El mandato judicial ha sido celebrado por activistas mixes, tal es el caso de la ling\u00fcista Y\u00e1snaya Aguilar quien invit\u00f3 a la poblaci\u00f3n en general a unirse en una cuenta regresiva a trav\u00e9s de sus redes sociales, con la intenci\u00f3n de exigir a las autoridades la reconexi\u00f3n del manantial en disputa.&nbsp;&nbsp;<\/p>\n\n\n\n<p class=\"MsoNormal\">\u201cCon la historia de agresiones, evasivas y t\u00e1cticas dilatorias tememos que el gobierno del estado quiera incumplir eta sentencia contundente. As\u00ed que el d\u00eda de ma\u00f1ana comenzamos una cuenta regresiva y les pedimos que se unan. De no ejecutar, se exponen a multa y destituci\u00f3n\u201d, cit\u00f3 en su cuenta de Twitter.&nbsp;&nbsp;<\/p>\n\n\n\n<p class=\"MsoNormal\">La reconocida activista asegur\u00f3 que han demostrado tener la raz\u00f3n ante los tribunales, de ah\u00ed que no parar\u00e1n hasta que la sentencia se acatada en beneficio para el pueblo agraviado de San&nbsp;Pedro y San Pablo Ayutla, que desde hace cuatro a\u00f1os padece del acceso al vital l\u00edquido.&nbsp;&nbsp;<\/p>\n\n\n\n<p class=\"MsoNormal\">\u201cEl gobernador @alejandromurat se expone a un proceso de destituci\u00f3n si no restablece el derecho humano a la comunidad de Ayutla, tiene un plazo de tres d\u00edas h\u00e1biles. D\u00eda 1\u2026\u201d, sentenci\u00f3.&nbsp;&nbsp;<\/p>\n\n\n\n<p class=\"MsoNormal\">Para el tambi\u00e9n activista Joaqu\u00edn Galv\u00e1n se trata de una decisi\u00f3n hist\u00f3rica por lo que reconoci\u00f3 la contundencia del juez federal Amando Chi\u00f1as que no solo defienden los derechos humanos, sino que evita que sean sujetos de chantaje por parte de criminales.&nbsp;&nbsp;<\/p>\n\n\n\n<p class=\"MsoNormal\">\u201cSaludo esta contundencia del juez federal tercero de distrito Amando Chi\u00f1as de emitir una sentencia hist\u00f3rica para no permitir que los derechos humanos sean usados como reh\u00e9n, de no permitir que los derechos humanos puedan ser sujeto de negociaci\u00f3n ni chantaje por parte de criminales\u201d, public\u00f3 en sus redes.&nbsp;&nbsp;<\/p>\n\n\n\n<p class=\"MsoNormal\">Finalmente, se uni\u00f3 a la exigencia del cumplimiento de la sentencia y a la cuenta regresiva para presionar a las autoridades y lograr que la dignidad se haga costumbre.  <\/p>\n","protected":false},"excerpt":{"rendered":"<p>Evlin Arag\u00f3n\/Zona Roja. Oaxaca de Ju\u00e1rez, Oax., 8 de julio de 2021.-&nbsp;El Presidente de la&hellip;<\/p>\n","protected":false},"author":2,"featured_media":21028,"comment_status":"closed","ping_status":"open","sticky":false,"template":"","format":"standard","meta":{"_lmt_disableupdate":"","_lmt_disable":"","_jetpack_memberships_contains_paid_content":false,"footnotes":""},"categories":[109,47],"tags":[],"class_list":["post-29497","post","type-post","status-publish","format-standard","has-post-thumbnail","hentry","category-minuto-a-minuto","category-zona-gris"],"jetpack_featured_media_url":"https:\/\/zonaroja.com.mx\/wp-content\/uploads\/2020\/12\/Agua-para-Ayutla-ya.jpg","jetpack_sharing_enabled":true,"_links":{"self":[{"href":"https:\/\/zonaroja.com.mx\/index.php?rest_route=\/wp\/v2\/posts\/29497","targetHints":{"allow":["GET"]}}],"collection":[{"href":"https:\/\/zonaroja.com.mx\/index.php?rest_route=\/wp\/v2\/posts"}],"about":[{"href":"https:\/\/zonaroja.com.mx\/index.php?rest_route=\/wp\/v2\/types\/post"}],"author":[{"embeddable":true,"href":"https:\/\/zonaroja.com.mx\/index.php?rest_route=\/wp\/v2\/users\/2"}],"replies":[{"embeddable":true,"href":"https:\/\/zonaroja.com.mx\/index.php?rest_route=%2Fwp%2Fv2%2Fcomments&post=29497"}],"version-history":[{"count":1,"href":"https:\/\/zonaroja.com.mx\/index.php?rest_route=\/wp\/v2\/posts\/29497\/revisions"}],"predecessor-version":[{"id":29498,"href":"https:\/\/zonaroja.com.mx\/index.php?rest_route=\/wp\/v2\/posts\/29497\/revisions\/29498"}],"wp:featuredmedia":[{"embeddable":true,"href":"https:\/\/zonaroja.com.mx\/index.php?rest_route=\/wp\/v2\/media\/21028"}],"wp:attachment":[{"href":"https:\/\/zonaroja.com.mx\/index.php?rest_route=%2Fwp%2Fv2%2Fmedia&parent=29497"}],"wp:term":[{"taxonomy":"category","embeddable":true,"href":"https:\/\/zonaroja.com.mx\/index.php?rest_route=%2Fwp%2Fv2%2Fcategories&post=29497"},{"taxonomy":"post_tag","embeddable":true,"href":"https:\/\/zonaroja.com.mx\/index.php?rest_route=%2Fwp%2Fv2%2Ftags&post=29497"}],"curies":[{"name":"wp","href":"https:\/\/api.w.org\/{rel}","templated":true}]}}