{"id":29503,"date":"2021-07-08T18:09:49","date_gmt":"2021-07-08T23:09:49","guid":{"rendered":"http:\/\/www.zonaroja.com.mx\/?p=29503"},"modified":"2021-07-08T18:09:52","modified_gmt":"2021-07-08T23:09:52","slug":"semovi-y-autoridad-de-miahuatlan-coordinan-acciones-a-favor-del-transporte","status":"publish","type":"post","link":"https:\/\/zonaroja.com.mx\/?p=29503","title":{"rendered":"Semovi y autoridad de Miahuatl\u00e1n coordinan acciones a favor del transporte"},"content":{"rendered":"\n<p>Redacci\u00f3n\/Zona Roja.<\/p>\n\n\n\n<p>Oaxaca de Ju\u00e1rez, Oax., 8 de julio de 2021.- Bajo la encomienda de ser un Gobierno que eficiente las condiciones en la que las y los oaxaque\u00f1os realizan sus desplazamientos, el titular de la Secretar\u00eda de Movilidad (Semovi), Arturo L\u00f3pez Sorroza y el presidente municipal de Miahuatl\u00e1n de Porfirio D\u00edaz, Genaro Hern\u00e1ndez Jim\u00e9nez, instalaron el Consejo Municipal de Movilidad.<\/p>\n\n\n\n<p>Dicho cuerpo colegiado cuenta con funciones consultivas, instituidos para el estudio y discusi\u00f3n de materias relacionadas con la movilidad y el transporte en el estado, con facultades para emitir recomendaciones, opiniones y propuestas para la toma de decisiones de las autoridades de movilidad.<\/p>\n\n\n\n<p>Al respecto, el secretario explic\u00f3 que el Consejo contar\u00e1 con la participaci\u00f3n de personas especializadas en materia de movilidad, seguridad vial, grupos vulnerables, movilidad no motorizada, infraestructura vial y transporte en general, con la finalidad de promover y formular pol\u00edticas p\u00fablicas que atiendan la pir\u00e1mide de movilidad, dando prioridad a las y los peatones.<\/p>\n\n\n\n<figure class=\"wp-block-embed-twitter wp-block-embed is-type-rich is-provider-twitter\"><div class=\"wp-block-embed__wrapper\">\n<div class=\"twitter-tweet\"><blockquote class=\"twitter-tweet\" data-lang=\"es\"><p lang=\"es\" dir=\"ltr\">Desde Miahuatl\u00e1n, encabec\u00e9 la Primera Sesi\u00f3n Ordinaria del Consejo Municipal de Movilidad, donde firmamos el convenio de colaboraci\u00f3n para el reordenamiento del transporte p\u00fablico de la localidad. <a href=\"https:\/\/twitter.com\/hashtag\/MovilidadSegura?src=hash&amp;ref_src=twsrc%5Etfw\">#MovilidadSegura<\/a> <a href=\"https:\/\/t.co\/d4iZ2GtNZ2\">pic.twitter.com\/d4iZ2GtNZ2<\/a><\/p>&mdash; Arturo L\u00f3pez Sorroza (@LOPEZSORROZA) <a href=\"https:\/\/twitter.com\/LOPEZSORROZA\/status\/1412509448753582091?ref_src=twsrc%5Etfw\">6 de julio de 2021<\/a><\/blockquote><\/div>\n<\/div><\/figure>\n\n\n\n<p>\u201cLa instalaci\u00f3n de este Consejo es muestra del compromiso del gobierno que encabeza Alejandro Murat Hinojosa, para mejorar la calidad de vida de las y los oaxaque\u00f1os; por ello, resulta primordial trabajar de la mano con los presidentes municipales para lograr el reordenamiento del transporte p\u00fablico en los municipios de las ocho regiones del estado\u201d, enfatiz\u00f3 L\u00f3pez Sorroza.<\/p>\n\n\n\n<p>Asimismo, se realiz\u00f3 la primera sesi\u00f3n de este Consejo, en la que se llev\u00f3 a cabo la revisi\u00f3n general del estatus del sistema de transporte en este municipio y la implementaci\u00f3n del programa de \u201cSemovi en tu Localidad\u201d.<\/p>\n","protected":false},"excerpt":{"rendered":"<p>Redacci\u00f3n\/Zona Roja. Oaxaca de Ju\u00e1rez, Oax., 8 de julio de 2021.- Bajo la encomienda de&hellip;<\/p>\n","protected":false},"author":2,"featured_media":29504,"comment_status":"closed","ping_status":"open","sticky":false,"template":"","format":"standard","meta":{"_lmt_disableupdate":"","_lmt_disable":"","_jetpack_memberships_contains_paid_content":false,"footnotes":""},"categories":[109,46],"tags":[2788,2484],"class_list":["post-29503","post","type-post","status-publish","format-standard","has-post-thumbnail","hentry","category-minuto-a-minuto","category-zona-blanca","tag-arturo-lopez-sorroza","tag-secretaria-de-movilidad-semovi"],"jetpack_featured_media_url":"https:\/\/zonaroja.com.mx\/wp-content\/uploads\/2021\/07\/Semovi-Miahuatlan.jpeg","jetpack_sharing_enabled":true,"_links":{"self":[{"href":"https:\/\/zonaroja.com.mx\/index.php?rest_route=\/wp\/v2\/posts\/29503","targetHints":{"allow":["GET"]}}],"collection":[{"href":"https:\/\/zonaroja.com.mx\/index.php?rest_route=\/wp\/v2\/posts"}],"about":[{"href":"https:\/\/zonaroja.com.mx\/index.php?rest_route=\/wp\/v2\/types\/post"}],"author":[{"embeddable":true,"href":"https:\/\/zonaroja.com.mx\/index.php?rest_route=\/wp\/v2\/users\/2"}],"replies":[{"embeddable":true,"href":"https:\/\/zonaroja.com.mx\/index.php?rest_route=%2Fwp%2Fv2%2Fcomments&post=29503"}],"version-history":[{"count":1,"href":"https:\/\/zonaroja.com.mx\/index.php?rest_route=\/wp\/v2\/posts\/29503\/revisions"}],"predecessor-version":[{"id":29505,"href":"https:\/\/zonaroja.com.mx\/index.php?rest_route=\/wp\/v2\/posts\/29503\/revisions\/29505"}],"wp:featuredmedia":[{"embeddable":true,"href":"https:\/\/zonaroja.com.mx\/index.php?rest_route=\/wp\/v2\/media\/29504"}],"wp:attachment":[{"href":"https:\/\/zonaroja.com.mx\/index.php?rest_route=%2Fwp%2Fv2%2Fmedia&parent=29503"}],"wp:term":[{"taxonomy":"category","embeddable":true,"href":"https:\/\/zonaroja.com.mx\/index.php?rest_route=%2Fwp%2Fv2%2Fcategories&post=29503"},{"taxonomy":"post_tag","embeddable":true,"href":"https:\/\/zonaroja.com.mx\/index.php?rest_route=%2Fwp%2Fv2%2Ftags&post=29503"}],"curies":[{"name":"wp","href":"https:\/\/api.w.org\/{rel}","templated":true}]}}