{"id":29509,"date":"2021-07-08T20:36:07","date_gmt":"2021-07-09T01:36:07","guid":{"rendered":"http:\/\/www.zonaroja.com.mx\/?p=29509"},"modified":"2021-07-08T20:36:09","modified_gmt":"2021-07-09T01:36:09","slug":"roban-diez-instrumentos-musicales-a-banda-de-santa-ana-tlahuitoltepec","status":"publish","type":"post","link":"https:\/\/zonaroja.com.mx\/?p=29509","title":{"rendered":"Roban diez instrumentos musicales a banda de Santa Ana Tlahuitoltepec"},"content":{"rendered":"\n<p>Ismael Garc\u00eda M.\/Zona Roja.<\/p>\n\n\n\n<p>Oaxaca de Ju\u00e1rez, Oax., 8 de julio de 2021.- Al menos 10 instrumentos musicales de la banda filarm\u00f3nica local fueron robados en la agencia de Santa Ana, del municipio de Santa Mar\u00eda Tlahuitoltepec Mixe, Oaxaca.<\/p>\n\n\n\n<p>En un comunicado, la autoridad auxiliar inform\u00f3 que los hechos ocurrieron la noche del 29 de junio, cuando sujetos desconocidos ingresaron a la Casa Comunal.<\/p>\n\n\n\n<p>Se trata de un clarinete Eb, dos saxofones altos Eb, cuatro trompetas Bb, dos trombones con \u00e9mbolo y un tromb\u00f3n de vara.<\/p>\n\n\n\n<p>CONDENAN ROBO<\/p>\n\n\n\n<p>Ante ello, la Secretar\u00eda de Cultura federal, a trav\u00e9s del Sistema Nacional de fomento Musical, conden\u00f3 el robo de instrumentos musicales:<\/p>\n\n\n\n<p>\u201cNos solidarizamos con las ni\u00f1as, ni\u00f1os y j\u00f3venes m\u00fasicos de la Banda Filarm\u00f3nica de Santa Ana Tlahuitoltepec Mixe. Hechos como estos atentan contra el desarrollo integral de las infancias y juventudes de M\u00e9xico\u201d, expuso la titular Alejandra Fruasto.<\/p>\n\n\n\n<p>INDAGAN HECHO<\/p>\n\n\n\n<p>Por su parte, a trav\u00e9s de un comunicado de prensa, la Fiscal\u00eda General del Estado de Oaxaca inform\u00f3 que realiza las investigaciones correspondientes para dar con quien o quienes resulten responsables por el delito de robo en contra de la agencia municipal de Santa Ana-Ne&#8217;\u00e4m.<\/p>\n\n\n\n<p>Para ello, abri\u00f3 la Carpeta de Investigaci\u00f3n 22666\/FVCE\/AYUTLA\/2021, a partir de un pronunciamiento p\u00fablico realizado por las autoridades de la agencia de Santa Ana-Ne&#8217;\u00e4m, en el que indican que el delito fue cometido el 29 de junio de 2021, en la Casa Comunal de esta poblaci\u00f3n.<\/p>\n\n\n\n<p>\u201cAnte esta situaci\u00f3n, la Fiscal\u00eda General del Estado de Oaxaca se compromete a realizar una investigaci\u00f3n exhaustiva en b\u00fasqueda de que las v\u00edctimas de este delito tengan acceso a la justicia\u201d, expuso.<\/p>\n\n\n\n<p>EL ANTECEDENTE<\/p>\n\n\n\n<p>El 13 de diciembre del a\u00f1o 2019, en San Pedro y San Pablo Ayutla Mixe fueron robados 26 instrumentos musicales, hecho que tambi\u00e9n fue condenado a nivel estatal y nacional por distintos sectores.<\/p>\n\n\n\n<p>\u201cSe llevaron nuestra alma y nuestra historia\u201d, expres\u00f3 en ese entonces Pablo V\u00e1zquez Ram\u00edrez, presidente de la Banda Filarm\u00f3nica municipal de Ayutla fundada hace m\u00e1s de 80 a\u00f1os e integrada por 50 personas entre ellas un 90 por ciento representado por ni\u00f1as y ni\u00f1os entre seis y 13 a\u00f1os de edad.<\/p>\n\n\n\n<p>Semanas despu\u00e9s, el Gobierno del Estado apoy\u00f3 con la entrega de instrumentos musicales a ese municipio de la regi\u00f3n Sierra Norte de Oaxaca.<\/p>\n","protected":false},"excerpt":{"rendered":"<p>Ismael Garc\u00eda M.\/Zona Roja. Oaxaca de Ju\u00e1rez, Oax., 8 de julio de 2021.- Al menos&hellip;<\/p>\n","protected":false},"author":2,"featured_media":29510,"comment_status":"closed","ping_status":"open","sticky":false,"template":"","format":"standard","meta":{"_lmt_disableupdate":"","_lmt_disable":"","_jetpack_memberships_contains_paid_content":false,"footnotes":""},"categories":[109,47],"tags":[2789],"class_list":["post-29509","post","type-post","status-publish","format-standard","has-post-thumbnail","hentry","category-minuto-a-minuto","category-zona-gris","tag-santa-ana-tlahuitoltepec-mixe"],"jetpack_featured_media_url":"https:\/\/zonaroja.com.mx\/wp-content\/uploads\/2021\/07\/Robo-instrumentos-Santa-Ana.jpg","jetpack_sharing_enabled":true,"_links":{"self":[{"href":"https:\/\/zonaroja.com.mx\/index.php?rest_route=\/wp\/v2\/posts\/29509","targetHints":{"allow":["GET"]}}],"collection":[{"href":"https:\/\/zonaroja.com.mx\/index.php?rest_route=\/wp\/v2\/posts"}],"about":[{"href":"https:\/\/zonaroja.com.mx\/index.php?rest_route=\/wp\/v2\/types\/post"}],"author":[{"embeddable":true,"href":"https:\/\/zonaroja.com.mx\/index.php?rest_route=\/wp\/v2\/users\/2"}],"replies":[{"embeddable":true,"href":"https:\/\/zonaroja.com.mx\/index.php?rest_route=%2Fwp%2Fv2%2Fcomments&post=29509"}],"version-history":[{"count":1,"href":"https:\/\/zonaroja.com.mx\/index.php?rest_route=\/wp\/v2\/posts\/29509\/revisions"}],"predecessor-version":[{"id":29511,"href":"https:\/\/zonaroja.com.mx\/index.php?rest_route=\/wp\/v2\/posts\/29509\/revisions\/29511"}],"wp:featuredmedia":[{"embeddable":true,"href":"https:\/\/zonaroja.com.mx\/index.php?rest_route=\/wp\/v2\/media\/29510"}],"wp:attachment":[{"href":"https:\/\/zonaroja.com.mx\/index.php?rest_route=%2Fwp%2Fv2%2Fmedia&parent=29509"}],"wp:term":[{"taxonomy":"category","embeddable":true,"href":"https:\/\/zonaroja.com.mx\/index.php?rest_route=%2Fwp%2Fv2%2Fcategories&post=29509"},{"taxonomy":"post_tag","embeddable":true,"href":"https:\/\/zonaroja.com.mx\/index.php?rest_route=%2Fwp%2Fv2%2Ftags&post=29509"}],"curies":[{"name":"wp","href":"https:\/\/api.w.org\/{rel}","templated":true}]}}