{"id":29520,"date":"2021-07-08T22:58:07","date_gmt":"2021-07-09T03:58:07","guid":{"rendered":"https:\/\/www.zonaroja.com.mx\/?p=29520"},"modified":"2021-07-08T22:58:11","modified_gmt":"2021-07-09T03:58:11","slug":"otro-dia-fatal-para-oaxaca-por-coronavirus-161-casos-positivos","status":"publish","type":"post","link":"https:\/\/zonaroja.com.mx\/?p=29520","title":{"rendered":"Otro d\u00eda fatal para Oaxaca por coronavirus: 161 casos positivos"},"content":{"rendered":"\n<p class=\"MsoNormal\">Redacci\u00f3n\/Zona Roja.<\/p>\n\n\n\n<p class=\"MsoNormal\">Oaxaca de Ju\u00e1rez, Oax., 8 de julio de 2021.- Los Servicios de Salud de Oaxaca (SSO), han registrado al corte epidemiol\u00f3gico deeste jueves, un aumento de casos activos al pasar de 736 a 824, lo que representa un 12%; por lo que hacen un llamado a la sociedad y autoridades municipales para que no bajen la guardia, la pandemia a\u00fan contin\u00faa.<\/p>\n\n\n\n<p class=\"MsoNormal\">En este sentido, la instituci\u00f3n tiene el registro de 161 casos nuevos de Covid-19 y tres defunciones, que suman 49 mil 477 casos acumulados y tres mil 987 defunciones.<\/p>\n\n\n\n<p class=\"MsoNormal\">Se han notificado 85 mil 686 casos, de los cuales 31 mil 180 han sido negativos, hay cinco mil 29 casos sospechosos, y 44 mil 666 se han recuperado.<\/p>\n\n\n\n<p class=\"MsoNormal\">La Jurisdicci\u00f3n Sanitaria n\u00famero uno de Valles Centrales contabiliza 32 mil 935 casos confirmados y mil 919 defunciones, Istmo cuatro mil 950 casos confirmados y 767 defunciones, Tuxtepec tres mil 31 casos confirmados y 355 defunciones, Costa dos mil 679 casos confirmados y 314 defunciones, Mixteca cuatro mil 110 casos confirmados y 408 defunciones, Sierra mil 772 casos confirmados y 224 defunciones.<\/p>\n\n\n\n<p class=\"MsoNormal\">Los 161 casos nuevos afectan a 45 municipios, siendo el de Oaxaca de Ju\u00e1rez el primer lugar con 38 casos, seguido de Ciudad Ixtepec con 19, Salina Cruz 11, Santo Domingo Ingenio ocho, Santa Mar\u00eda Atzompa seis, El Barrio de la Soledad, Juchit\u00e1n de Zaragoza, San Pedro Mixtepec, Santa Cruz Xoxocotl\u00e1n, Santa Mar\u00eda Tonameca y Tlacolula de Matamoros cinco cada uno, el resto cuatro, tres, dos y un caso.<\/p>\n\n\n\n<p class=\"MsoNormal\">En relaci\u00f3n a la ocupaci\u00f3n hospitalaria hay un global del 29.8%, seis hospitales est\u00e1n al 100%; hay 4 nuevos hospitalizados, hay 107 camas ocupadas de un total de 359 y disponibles 252.<\/p>\n\n\n\n<p class=\"MsoNormal\">Por Jurisdicci\u00f3n Sanitaria, Valles Centrales contabiliza un 25.8%, Istmo 34%, Tuxtepec 46.7%, Costa 28.1%, Mixteca 33.3% y Sierra 0%.<\/p>\n\n\n\n<p class=\"MsoNormal\">Finalmente, los SSO hacen un llamado a la poblaci\u00f3n para evitar las reuniones o fiestas, y continuar con las medidas sanitarias del uso correcto del cubrebocas, mantener la sana distancia y el lavado de manos con agua y jab\u00f3n, y especialmente a las personas que ya han sido vacunadas contra el virus SARS-CoV-2 para que no bajen la guardia; la salud es responsabilidad de todas y todos.<\/p>\n\n\n\n<p>(Comunicado)<\/p>\n","protected":false},"excerpt":{"rendered":"<p>Redacci\u00f3n\/Zona Roja. Oaxaca de Ju\u00e1rez, Oax., 8 de julio de 2021.- Los Servicios de Salud&hellip;<\/p>\n","protected":false},"author":2,"featured_media":29519,"comment_status":"closed","ping_status":"open","sticky":false,"template":"","format":"standard","meta":{"_lmt_disableupdate":"","_lmt_disable":"","_jetpack_memberships_contains_paid_content":false,"footnotes":""},"categories":[109,47],"tags":[1512],"class_list":["post-29520","post","type-post","status-publish","format-standard","has-post-thumbnail","hentry","category-minuto-a-minuto","category-zona-gris","tag-coronavirus-oaxaca"],"jetpack_featured_media_url":"https:\/\/zonaroja.com.mx\/wp-content\/uploads\/2021\/07\/d6812dd8-b92c-41d9-b41a-47edc2a3d86d.jpg","jetpack_sharing_enabled":true,"_links":{"self":[{"href":"https:\/\/zonaroja.com.mx\/index.php?rest_route=\/wp\/v2\/posts\/29520","targetHints":{"allow":["GET"]}}],"collection":[{"href":"https:\/\/zonaroja.com.mx\/index.php?rest_route=\/wp\/v2\/posts"}],"about":[{"href":"https:\/\/zonaroja.com.mx\/index.php?rest_route=\/wp\/v2\/types\/post"}],"author":[{"embeddable":true,"href":"https:\/\/zonaroja.com.mx\/index.php?rest_route=\/wp\/v2\/users\/2"}],"replies":[{"embeddable":true,"href":"https:\/\/zonaroja.com.mx\/index.php?rest_route=%2Fwp%2Fv2%2Fcomments&post=29520"}],"version-history":[{"count":1,"href":"https:\/\/zonaroja.com.mx\/index.php?rest_route=\/wp\/v2\/posts\/29520\/revisions"}],"predecessor-version":[{"id":29521,"href":"https:\/\/zonaroja.com.mx\/index.php?rest_route=\/wp\/v2\/posts\/29520\/revisions\/29521"}],"wp:featuredmedia":[{"embeddable":true,"href":"https:\/\/zonaroja.com.mx\/index.php?rest_route=\/wp\/v2\/media\/29519"}],"wp:attachment":[{"href":"https:\/\/zonaroja.com.mx\/index.php?rest_route=%2Fwp%2Fv2%2Fmedia&parent=29520"}],"wp:term":[{"taxonomy":"category","embeddable":true,"href":"https:\/\/zonaroja.com.mx\/index.php?rest_route=%2Fwp%2Fv2%2Fcategories&post=29520"},{"taxonomy":"post_tag","embeddable":true,"href":"https:\/\/zonaroja.com.mx\/index.php?rest_route=%2Fwp%2Fv2%2Ftags&post=29520"}],"curies":[{"name":"wp","href":"https:\/\/api.w.org\/{rel}","templated":true}]}}