{"id":29528,"date":"2021-07-09T07:28:36","date_gmt":"2021-07-09T12:28:36","guid":{"rendered":"http:\/\/www.zonaroja.com.mx\/?p=29528"},"modified":"2021-07-09T07:28:39","modified_gmt":"2021-07-09T12:28:39","slug":"capacitan-a-personal-del-pjeo-en-materia-de-transparencia-y-rendicion-de-cuentas","status":"publish","type":"post","link":"https:\/\/zonaroja.com.mx\/?p=29528","title":{"rendered":"Capacitan a personal del PJEO en materia de transparencia y rendici\u00f3n de cuentas"},"content":{"rendered":"\n<p>Redacci\u00f3n\/Zona Roja.<\/p>\n\n\n\n<p>Oaxaca de Ju\u00e1rez, Oax., 9 de julio de 2021.- Con el objetivo de promover la formaci\u00f3n de las y los servidores p\u00fablicos judiciales en temas de transparencia, acceso a la informaci\u00f3n, rendici\u00f3n de cuentas, datos personales y archivos, el Poder Judicial del Estado en coordinaci\u00f3n con el Instituto de Acceso a la Informaci\u00f3n P\u00fablica y Protecci\u00f3n de Datos Personales para el Estado de Oaxaca (IAIP), realizaron una Jornada de Capacitaci\u00f3n para personal administrativo.<\/p>\n\n\n\n<p>Durante cuatro d\u00edas de preparaci\u00f3n intensiva, 155 funcionarias y funcionarios de las diferentes \u00e1reas del Tribunal Superior de Justicia y del Consejo de la Judicatura, conocieron acerca de las Obligaciones en materia de Datos Personales, Elaboraci\u00f3n de Avisos de Privacidad, Elaboraci\u00f3n de Documento de Seguridad, Prueba de da\u00f1o, as\u00ed como Clasificaci\u00f3n y desclasificaci\u00f3n, entre otros temas relevantes que permitir\u00e1n dar seguimiento a procesos de la instituci\u00f3n, como sujeto obligado.<\/p>\n\n\n\n<p>En la jornada que se llev\u00f3 a cabo de manera virtual, donde personal del IAIP comparti\u00f3 herramientas al personal administrativo de las diversas \u00e1reas jurisdiccionales, se atendieron objetivos espec\u00edficos que facilitar\u00e1n a la instituci\u00f3n de impartici\u00f3n y administraci\u00f3n de justicia, impulsar en materia de transparencia, como uno de los ejes prioritarios del titular, magistrado Eduardo Pinacho S\u00e1nchez.<\/p>\n\n\n\n<p>Las y los servidores del Poder Judicial se actualizaron sobre buenas pr\u00e1cticas, como las medidas de seguridad administrativa, f\u00edsica y t\u00e9cnica aplicables a los sistemas de datos personales para asegurar la integridad, confidencialidad y disponibilidad de informaci\u00f3n que \u00e9stos contienen; as\u00ed como las diferentes obligaciones en materia de protecci\u00f3n de datos personales, a fin de conocer los lineamientos y principios para resguardar adecuadamente la informaci\u00f3n que recaban.<\/p>\n\n\n\n<p>Adem\u00e1s, las y los responsables del tratamiento de datos personales de la instituci\u00f3n, recibieron orientaci\u00f3n en la elaboraci\u00f3n, dise\u00f1o y difusi\u00f3n del Aviso de Privacidad, prueba de da\u00f1o y las versiones p\u00fablicas en el proceso de clasificaci\u00f3n de la informaci\u00f3n, entre otras estrategias importantes que fomenten la transparencia en el Poder Judicial del Estado.<\/p>\n","protected":false},"excerpt":{"rendered":"<p>Redacci\u00f3n\/Zona Roja. Oaxaca de Ju\u00e1rez, Oax., 9 de julio de 2021.- Con el objetivo de&hellip;<\/p>\n","protected":false},"author":2,"featured_media":29529,"comment_status":"closed","ping_status":"open","sticky":false,"template":"","format":"standard","meta":{"_lmt_disableupdate":"","_lmt_disable":"","_jetpack_memberships_contains_paid_content":false,"footnotes":""},"categories":[109,46],"tags":[223],"class_list":["post-29528","post","type-post","status-publish","format-standard","has-post-thumbnail","hentry","category-minuto-a-minuto","category-zona-blanca","tag-poder-judicial-de-oaxaca"],"jetpack_featured_media_url":"https:\/\/zonaroja.com.mx\/wp-content\/uploads\/2021\/07\/02-CAPACITACION-TRANSPARENCIA.jpg","jetpack_sharing_enabled":true,"_links":{"self":[{"href":"https:\/\/zonaroja.com.mx\/index.php?rest_route=\/wp\/v2\/posts\/29528","targetHints":{"allow":["GET"]}}],"collection":[{"href":"https:\/\/zonaroja.com.mx\/index.php?rest_route=\/wp\/v2\/posts"}],"about":[{"href":"https:\/\/zonaroja.com.mx\/index.php?rest_route=\/wp\/v2\/types\/post"}],"author":[{"embeddable":true,"href":"https:\/\/zonaroja.com.mx\/index.php?rest_route=\/wp\/v2\/users\/2"}],"replies":[{"embeddable":true,"href":"https:\/\/zonaroja.com.mx\/index.php?rest_route=%2Fwp%2Fv2%2Fcomments&post=29528"}],"version-history":[{"count":1,"href":"https:\/\/zonaroja.com.mx\/index.php?rest_route=\/wp\/v2\/posts\/29528\/revisions"}],"predecessor-version":[{"id":29530,"href":"https:\/\/zonaroja.com.mx\/index.php?rest_route=\/wp\/v2\/posts\/29528\/revisions\/29530"}],"wp:featuredmedia":[{"embeddable":true,"href":"https:\/\/zonaroja.com.mx\/index.php?rest_route=\/wp\/v2\/media\/29529"}],"wp:attachment":[{"href":"https:\/\/zonaroja.com.mx\/index.php?rest_route=%2Fwp%2Fv2%2Fmedia&parent=29528"}],"wp:term":[{"taxonomy":"category","embeddable":true,"href":"https:\/\/zonaroja.com.mx\/index.php?rest_route=%2Fwp%2Fv2%2Fcategories&post=29528"},{"taxonomy":"post_tag","embeddable":true,"href":"https:\/\/zonaroja.com.mx\/index.php?rest_route=%2Fwp%2Fv2%2Ftags&post=29528"}],"curies":[{"name":"wp","href":"https:\/\/api.w.org\/{rel}","templated":true}]}}