{"id":2953,"date":"2019-08-09T18:44:42","date_gmt":"2019-08-09T23:44:42","guid":{"rendered":"http:\/\/www.zonaroja.com.mx\/?p=2953"},"modified":"2019-08-09T18:44:44","modified_gmt":"2019-08-09T23:44:44","slug":"tras-operativos-de-sspo-en-la-capital-otro-asalto-con-botin-de-400-mil","status":"publish","type":"post","link":"https:\/\/zonaroja.com.mx\/?p=2953","title":{"rendered":"Tras operativos de SSPO, en la capital otro asalto con bot\u00edn de $400 mil"},"content":{"rendered":"\n<p>Ismael Garc\u00eda M.\/Zona Roja.<\/p>\n\n\n\n<p>Oaxaca de Ju\u00e1rez, Oax., 9 de agosto de\n2019.- A escasas horas de anunciar la Secretar\u00eda de Seguridad P\u00fablica de Oaxaca\nun operativo conjunto, en la ciudad de Oaxaca se registr\u00f3 un en\u00e9simo asalto a\ncuentahabiente, con un bot\u00edn de aproximadamente 400 mil pesos.<\/p>\n\n\n\n<p>Alrededor del mediod\u00eda de hoy, en la sexta calle de Arteaga, casi esquina con Gonz\u00e1lez Ortega, dos sujetos en motocicleta interceptaron a un taxi del sitio \u201cLibertad\u201d, con n\u00famero econ\u00f3mico 01-275 y placas de circulaci\u00f3n 5452-SJL.<\/p>\n\n\n\n<figure class=\"wp-block-embed-twitter wp-block-embed is-type-rich is-provider-twitter\"><div class=\"wp-block-embed__wrapper\">\n<div class=\"twitter-tweet\"><blockquote class=\"twitter-tweet\" data-lang=\"es\"><p lang=\"es\" dir=\"ltr\"><a href=\"https:\/\/twitter.com\/hashtag\/ZonaRoja?src=hash&amp;ref_src=twsrc%5Etfw\">#ZonaRoja<\/a><br>\u00a1Incre\u00edble! Nuevo asalto en la ciudad de <a href=\"https:\/\/twitter.com\/hashtag\/Oaxaca?src=hash&amp;ref_src=twsrc%5Etfw\">#Oaxaca<\/a>; en la sexta calle de Arteaga despojan de $400 mil a una mujer que viajaba en un taxi de la capital; fueron dos sujetos a bordo de una motocicleta, el reporte preliminar. <a href=\"https:\/\/t.co\/XCJKloTXoJ\">pic.twitter.com\/XCJKloTXoJ<\/a><\/p>&mdash; Zona Roja Oaxaca (@MexRoja) <a href=\"https:\/\/twitter.com\/MexRoja\/status\/1159892548653072384?ref_src=twsrc%5Etfw\">9 de agosto de 2019<\/a><\/blockquote><\/div>\n<\/div><\/figure>\n\n\n\n<p>Tras amagar al taxista con un arma, de\ninmediato se dirigieron a la pasajera, a quien arrebataron un bolso que ten\u00eda aproximadamente\n400 mil pesos, que reci\u00e9n hab\u00eda retirado de una sucursal bancaria del Centro\nHist\u00f3rico.<\/p>\n\n\n\n<p>Tras darse a la fuga los maleantes,\narribaron elementos de las polic\u00edas estatal y municipal; la v\u00edctima dijo que le\npareci\u00f3 sospechosa la actitud del chofer del taxi, por lo cual fue trasladado a\nla Fiscal\u00eda General del Estado, a fin de rendir declaraci\u00f3n y deslindar\nresponsabilidades.<\/p>\n\n\n\n<p>DESPLIEGUE<\/p>\n\n\n\n<p>Apenas ayer por la tarde, la Secretar\u00eda\nde Seguridad P\u00fablica de Oaxaca difundi\u00f3 a trav\u00e9s de las redes sociales: <\/p>\n\n\n\n<p>\u201cUn aproximado de 1,300 elementos de la\nSSPO, Guardia Nacional y Sedena realizan operativos simult\u00e1neos en municipios\nde las regiones Istmo, Cuenca, Costa, Mixteca y zona metropolitana de la ciudad\nde Oaxaca, a trav\u00e9s de filtros de revisi\u00f3n y proximidad ciudadana\u201d.<\/p>\n\n\n\n<p>\u201cEl gobierno de Oaxaca, a trav\u00e9s de la\nSSPO, reitera el compromiso de establecer una pol\u00edtica de cero tolerancia para\nquienes cometan alg\u00fan delito. La Guardia Nacional y Polic\u00eda Estatal implementan\npuntos de control provisional preventivos de manera simult\u00e1nea en regiones de\nla entidad\u201d.<\/p>\n\n\n\n<p>\u201cEn un despliegue coordinado de la\nGuardia Nacional con la Polic\u00eda Estatal, la Polic\u00eda Vial, la Agencia Estatal de\nInvestigaciones y polic\u00edas municipales, se puso en marcha por primera vez y de\nmanera simult\u00e1nea una estrategia operativa\u201d.<\/p>\n\n\n\n<p>A 24 horas de esos dispositivos, hasta el momento no se ha informado de los resultados obtenidos.<\/p>\n\n\n\n<figure class=\"wp-block-embed-twitter wp-block-embed is-type-rich is-provider-twitter\"><div class=\"wp-block-embed__wrapper\">\n<div class=\"twitter-tweet\"><blockquote class=\"twitter-tweet\" data-lang=\"es\"><p lang=\"es\" dir=\"ltr\">Un aproximado de 1,300 elementos de la SSPO, <a href=\"https:\/\/twitter.com\/hashtag\/GuardiaNacional?src=hash&amp;ref_src=twsrc%5Etfw\">#GuardiaNacional<\/a> y <a href=\"https:\/\/twitter.com\/SEDENAmx?ref_src=twsrc%5Etfw\">@SEDENAmx<\/a> realizan operativos simult\u00e1neos en municipios de las regiones del <a href=\"https:\/\/twitter.com\/hashtag\/Istmo?src=hash&amp;ref_src=twsrc%5Etfw\">#Istmo<\/a>, <a href=\"https:\/\/twitter.com\/hashtag\/Cuenca?src=hash&amp;ref_src=twsrc%5Etfw\">#Cuenca<\/a>, <a href=\"https:\/\/twitter.com\/hashtag\/Costa?src=hash&amp;ref_src=twsrc%5Etfw\">#Costa<\/a>, <a href=\"https:\/\/twitter.com\/hashtag\/Mixteca?src=hash&amp;ref_src=twsrc%5Etfw\">#Mixteca<\/a> y <a href=\"https:\/\/twitter.com\/hashtag\/ZonaMetropolitana?src=hash&amp;ref_src=twsrc%5Etfw\">#ZonaMetropolitana<\/a> de la Ciudad de <a href=\"https:\/\/twitter.com\/hashtag\/Oaxaca?src=hash&amp;ref_src=twsrc%5Etfw\">#Oaxaca<\/a>; a trav\u00e9s de filtros de revisi\u00f3n y <a href=\"https:\/\/twitter.com\/hashtag\/ProximidadCiudadana?src=hash&amp;ref_src=twsrc%5Etfw\">#ProximidadCiudadana<\/a>. <a href=\"https:\/\/t.co\/4DsHl48yNn\">pic.twitter.com\/4DsHl48yNn<\/a><\/p>&mdash; Sr\u00eda. Seg. P\u00fab. Oax. (@SSP_GobOax) <a href=\"https:\/\/twitter.com\/SSP_GobOax\/status\/1159649241142386688?ref_src=twsrc%5Etfw\">9 de agosto de 2019<\/a><\/blockquote><\/div>\n<\/div><\/figure>\n","protected":false},"excerpt":{"rendered":"<p>Ismael Garc\u00eda M.\/Zona Roja. Oaxaca de Ju\u00e1rez, Oax., 9 de agosto de 2019.- A escasas&hellip;<\/p>\n","protected":false},"author":2,"featured_media":2954,"comment_status":"closed","ping_status":"open","sticky":false,"template":"","format":"standard","meta":{"_lmt_disableupdate":"","_lmt_disable":"","_jetpack_memberships_contains_paid_content":false,"footnotes":""},"categories":[109,47],"tags":[519],"class_list":["post-2953","post","type-post","status-publish","format-standard","has-post-thumbnail","hentry","category-minuto-a-minuto","category-zona-gris","tag-asalto-en-taxi-ciudad-de-oaxaca"],"jetpack_featured_media_url":"https:\/\/zonaroja.com.mx\/wp-content\/uploads\/2019\/08\/eZy-Watermark_09-08-2019_06-37-03p.-m..jpg","jetpack_sharing_enabled":true,"_links":{"self":[{"href":"https:\/\/zonaroja.com.mx\/index.php?rest_route=\/wp\/v2\/posts\/2953","targetHints":{"allow":["GET"]}}],"collection":[{"href":"https:\/\/zonaroja.com.mx\/index.php?rest_route=\/wp\/v2\/posts"}],"about":[{"href":"https:\/\/zonaroja.com.mx\/index.php?rest_route=\/wp\/v2\/types\/post"}],"author":[{"embeddable":true,"href":"https:\/\/zonaroja.com.mx\/index.php?rest_route=\/wp\/v2\/users\/2"}],"replies":[{"embeddable":true,"href":"https:\/\/zonaroja.com.mx\/index.php?rest_route=%2Fwp%2Fv2%2Fcomments&post=2953"}],"version-history":[{"count":1,"href":"https:\/\/zonaroja.com.mx\/index.php?rest_route=\/wp\/v2\/posts\/2953\/revisions"}],"predecessor-version":[{"id":2955,"href":"https:\/\/zonaroja.com.mx\/index.php?rest_route=\/wp\/v2\/posts\/2953\/revisions\/2955"}],"wp:featuredmedia":[{"embeddable":true,"href":"https:\/\/zonaroja.com.mx\/index.php?rest_route=\/wp\/v2\/media\/2954"}],"wp:attachment":[{"href":"https:\/\/zonaroja.com.mx\/index.php?rest_route=%2Fwp%2Fv2%2Fmedia&parent=2953"}],"wp:term":[{"taxonomy":"category","embeddable":true,"href":"https:\/\/zonaroja.com.mx\/index.php?rest_route=%2Fwp%2Fv2%2Fcategories&post=2953"},{"taxonomy":"post_tag","embeddable":true,"href":"https:\/\/zonaroja.com.mx\/index.php?rest_route=%2Fwp%2Fv2%2Ftags&post=2953"}],"curies":[{"name":"wp","href":"https:\/\/api.w.org\/{rel}","templated":true}]}}