{"id":29531,"date":"2021-07-09T08:21:56","date_gmt":"2021-07-09T13:21:56","guid":{"rendered":"http:\/\/www.zonaroja.com.mx\/?p=29531"},"modified":"2021-07-09T08:21:58","modified_gmt":"2021-07-09T13:21:58","slug":"ambulantaje-fuera-de-control-y-dueno-de-calles-en-oaxaca-quitan-auto","status":"publish","type":"post","link":"https:\/\/zonaroja.com.mx\/?p=29531","title":{"rendered":"Ambulantaje fuera de control y due\u00f1o de calles en Oaxaca; \u00a1quitan auto!"},"content":{"rendered":"\n<p>Evlin Arag\u00f3n\/Zona Roja.<\/p>\n\n\n\n<p>Oaxaca de Ju\u00e1rez, Oax., 9 de julio de 2021.- En absoluta impunidad, un presunto due\u00f1o de varios puestos ambulantes en el Centro Hist\u00f3rico de la ciudad de Oaxaca abri\u00f3 un veh\u00edculo, previamente estacionado en la calle de Bustamante, y lo movi\u00f3 de lugar, a fin de ocupar el espacio para la instalaci\u00f3n de un puesto de aguas frescas en la v\u00eda p\u00fablica.&nbsp;<\/p>\n\n\n\n<p>As\u00ed lo dio a conocer en sus redes sociales el propietario del coche, el pintor y activista Arnoldo D\u00e1maso, quien relat\u00f3 que este martes, aproximadamente a las 9:50 de la ma\u00f1ana, arrib\u00f3 a la calle de Bustamante, casi esquina con Arista, donde se estacion\u00f3 de manera correcta en el lugar, para dirigirse a una reuni\u00f3n al z\u00f3calo de la ciudad.<\/p>\n\n\n\n<p>Sin embargo, una hora despu\u00e9s su carro se encontraba a la mitad de la salida de los camiones Halcones, lo que estaba generando complicaciones viales en el lugar, que diariamente presenta una alta afluencia vehicular, situaci\u00f3n que dijo fue provocada por los vendedores ambulantes en la zona quienes abrieron la unidad y la movieron a conveniencia.&nbsp;<\/p>\n\n\n\n<p>\u201cNo lo pod\u00eda creer. Hab\u00edan abierto mi carro y lo hab\u00edan empujado para poner un puesto de aguas frescas\u201d, relato el tambi\u00e9n pintor y dibujante.&nbsp;<\/p>\n\n\n\n<p>Conteniendo el enojo que le gener\u00f3 tal situaci\u00f3n, se dirigi\u00f3 a la joven mujer que atend\u00eda el puesto a quien cuestion\u00f3 sobre la situaci\u00f3n de su veh\u00edculo, a lo que ella respondi\u00f3 que su patr\u00f3n abri\u00f3 la unidad y la empuj\u00f3 para dejar libro el espacio e instalar su puesto.&nbsp;<\/p>\n\n\n\n<p>Lo anterior dej\u00f3 da\u00f1os en la propiedad de los que nadie se har\u00e1 responsable, adem\u00e1s de poner en riesgo al propietario, toda vez que al colocar el veh\u00edculo en la salida de la cochera de los camiones \u201cHalcones\u201d, le pudo ocasionar un enfrentamiento con el grupo de transportistas.&nbsp;<\/p>\n\n\n\n<p>\u201cA mi carro le botaron los seguros, le quitaron la fascia del lado derecho, lo rayaron, y por \u00faltimo los de los camiones \u201cHalcones\u201d me mentaron la madre por dejar mi carro a la mitad de la salida de la cochera. Ese es el caos que vive el antes Centro Hist\u00f3rico de Oaxaca\u201d, manifest\u00f3.\u00a0<\/p>\n\n\n\n<figure class=\"wp-block-embed-twitter wp-block-embed is-type-rich is-provider-twitter\"><div class=\"wp-block-embed__wrapper\">\n<div class=\"twitter-tweet\"><blockquote class=\"twitter-tweet\" data-lang=\"es\"><p lang=\"es\" dir=\"ltr\">Los Due\u00f1os de <a href=\"https:\/\/twitter.com\/hashtag\/Oaxaca?src=hash&amp;ref_src=twsrc%5Etfw\">#Oaxaca<\/a> \ud83d\ude0e\ud83c\udf79<br><br>Da\u00f1o a la propiedad e impunidad total, Realidad Kafkiana \ud83d\ude35 <a href=\"https:\/\/t.co\/vc1A0LPiqE\">https:\/\/t.co\/vc1A0LPiqE<\/a><\/p>&mdash; Colono con Ozono (@OttoOsorno) <a href=\"https:\/\/twitter.com\/OttoOsorno\/status\/1412623355879043073?ref_src=twsrc%5Etfw\">7 de julio de 2021<\/a><\/blockquote><\/div>\n<\/div><\/figure>\n\n\n\n<p>IMPUNIDAD<\/p>\n\n\n\n<p>Lo anterior se registr\u00f3 en medio de la impunidad en la que se mueve el ambulantaje en la ciudad de Oaxaca que, en los \u00faltimos d\u00edas, ha crecido de manera gravosa ante la desid\u00eda por parte de las autoridades encabezadas por el edil Oswaldo Garc\u00eda Jarqu\u00edn.&nbsp;<\/p>\n\n\n\n<p>Y es que, en un breve recorrido por el Andador Tur\u00edstico, Z\u00f3calo de la ciudad y Alameda de Le\u00f3n se puede ver a simple vista el crecimiento en el n\u00famero de establecimientos informales, incluidos los que expenden alimentos y que al manejar tanques de gas ponen en doble riesgo a la poblaci\u00f3n.<\/p>\n\n\n\n<p>Puestos de ropa, sombreros, artesan\u00edas for\u00e1neas, aguas frescas y hasta taquer\u00edas forman parte hoy en d\u00eda de la ciudad que, en los \u00faltimos a\u00f1os, ha sido reconocida como uno de los mejores destinos tur\u00edsticos a nivel mundial.&nbsp;<\/p>\n\n\n\n<p>Y aunque hay quejas por parte de las y los comerciantes establecidos, as\u00ed como la sociedad en general, el municipio de Oaxaca de Ju\u00e1rez hace o\u00eddos sordos, como lo hace tambi\u00e9n ante el aumento de la inseguridad y las p\u00e9simas condiciones en las que se encuentran las vialidades de la ciudad.&nbsp;<\/p>\n\n\n\n<p>Apenas el mi\u00e9rcoles pasado, la autoridad municipal simul\u00f3 el retiro selectivo de un grupo de comerciantes en el z\u00f3calo de la ciudad, que devino en zafarrancho, sin que la autoridad lograra su prop\u00f3sito.<\/p>\n","protected":false},"excerpt":{"rendered":"<p>Evlin Arag\u00f3n\/Zona Roja. Oaxaca de Ju\u00e1rez, Oax., 9 de julio de 2021.- En absoluta impunidad,&hellip;<\/p>\n","protected":false},"author":2,"featured_media":29532,"comment_status":"closed","ping_status":"open","sticky":false,"template":"","format":"standard","meta":{"_lmt_disableupdate":"","_lmt_disable":"","_jetpack_memberships_contains_paid_content":false,"footnotes":""},"categories":[109,47],"tags":[2315],"class_list":["post-29531","post","type-post","status-publish","format-standard","has-post-thumbnail","hentry","category-minuto-a-minuto","category-zona-gris","tag-ayuntamiento-de-oaxaca-de-juarez"],"jetpack_featured_media_url":"https:\/\/zonaroja.com.mx\/wp-content\/uploads\/2021\/07\/Ambulantes-Oaxaca-y-activista.jpg","jetpack_sharing_enabled":true,"_links":{"self":[{"href":"https:\/\/zonaroja.com.mx\/index.php?rest_route=\/wp\/v2\/posts\/29531","targetHints":{"allow":["GET"]}}],"collection":[{"href":"https:\/\/zonaroja.com.mx\/index.php?rest_route=\/wp\/v2\/posts"}],"about":[{"href":"https:\/\/zonaroja.com.mx\/index.php?rest_route=\/wp\/v2\/types\/post"}],"author":[{"embeddable":true,"href":"https:\/\/zonaroja.com.mx\/index.php?rest_route=\/wp\/v2\/users\/2"}],"replies":[{"embeddable":true,"href":"https:\/\/zonaroja.com.mx\/index.php?rest_route=%2Fwp%2Fv2%2Fcomments&post=29531"}],"version-history":[{"count":1,"href":"https:\/\/zonaroja.com.mx\/index.php?rest_route=\/wp\/v2\/posts\/29531\/revisions"}],"predecessor-version":[{"id":29533,"href":"https:\/\/zonaroja.com.mx\/index.php?rest_route=\/wp\/v2\/posts\/29531\/revisions\/29533"}],"wp:featuredmedia":[{"embeddable":true,"href":"https:\/\/zonaroja.com.mx\/index.php?rest_route=\/wp\/v2\/media\/29532"}],"wp:attachment":[{"href":"https:\/\/zonaroja.com.mx\/index.php?rest_route=%2Fwp%2Fv2%2Fmedia&parent=29531"}],"wp:term":[{"taxonomy":"category","embeddable":true,"href":"https:\/\/zonaroja.com.mx\/index.php?rest_route=%2Fwp%2Fv2%2Fcategories&post=29531"},{"taxonomy":"post_tag","embeddable":true,"href":"https:\/\/zonaroja.com.mx\/index.php?rest_route=%2Fwp%2Fv2%2Ftags&post=29531"}],"curies":[{"name":"wp","href":"https:\/\/api.w.org\/{rel}","templated":true}]}}