{"id":29539,"date":"2021-07-09T15:37:58","date_gmt":"2021-07-09T20:37:58","guid":{"rendered":"http:\/\/www.zonaroja.com.mx\/?p=29539"},"modified":"2021-07-09T15:38:00","modified_gmt":"2021-07-09T20:38:00","slug":"alarma-en-el-istmo-por-aumento-de-casos-de-covid-rebrotes-en-juchitan-y-salina-cruz","status":"publish","type":"post","link":"https:\/\/zonaroja.com.mx\/?p=29539","title":{"rendered":"Alarma en el Istmo por aumento de casos de Covid; rebrotes en Juchit\u00e1n y Salina Cruz"},"content":{"rendered":"\n<p>Evlin Arag\u00f3n\/Zona Roja.<\/p>\n\n\n\n<p>Oaxaca de Ju\u00e1rez, Oax., 9 de julio de 2021.- La regi\u00f3n del Istmo de Tehuantepec prendi\u00f3 la alerta roja en torno a la pandemia, toda vez que, autoridades municipales aseguraron ya se encuentran sufriendo los efectos de la tercera ola de contagios anunciada a nivel nacional.&nbsp;<\/p>\n\n\n\n<p>Apenas hace unas horas se confirm\u00f3 un rebrote de coronavirus al interior del ayuntamiento de Juchit\u00e1n de Zaragoza, donde se reporta alrededor de una docena de contagios, incluido el edil Emilio Montero P\u00e9rez.<\/p>\n\n\n\n<p>Lo anterior ocasion\u00f3 el anunci\u00f3 del cierre de las oficinas, ubicadas en la colonia Felipe Pescador, que albergan las sindicaturas, regidur\u00edas, direcciones, subdirecciones y coordinaciones, del 9 al 18 de julio; adem\u00e1s que informaron ya se realizan acciones de sanitizaci\u00f3n.<\/p>\n\n\n\n<p>Es justamente en esta localidad donde se ha denunciado la falta de recontrataci\u00f3n del personal m\u00e9dico que estuvo al frente de la primera y segunda ola de la pandemia, quienes incluso protestaron hace una semana en la Ciudad de M\u00e9xico para exigir atenci\u00f3n de la Federaci\u00f3n.<\/p>\n\n\n\n<p>TAMBI\u00c9N SALINA CRUZ<\/p>\n\n\n\n<p>Mientras que en el municipio de Salina Cruz se report\u00f3 un alto n\u00famero de contagios y defunciones por Covid-19, de ah\u00ed que el edil Juan Carlos Atecas pidi\u00f3 a la poblaci\u00f3n cumplir con las medidas sanitarias para romper la cadena de transmisi\u00f3n.&nbsp;<\/p>\n\n\n\n<p>El edil confirm\u00f3 que la tercera ola de la pandemia ya est\u00e1 en territorio oaxaque\u00f1o y ha llegado con mayor fuerza debido a las variantes del virus, de ah\u00ed que insisti\u00f3 en no confiarse con la aplicaci\u00f3n de la vacuna que realizan las autoridades federales.<\/p>\n\n\n\n<p>Por su parte el director de Panteones, Narciso Pinz\u00f3n Cano, inform\u00f3 que los decesos ocasionados por el SARS-CoV-2 siguen siendo altos, toda vez que en menos de 24 horas se realizaron cinco inhumaciones en el pante\u00f3n municipal.<\/p>\n\n\n\n<p>Otros de los municipios de la regi\u00f3n con altos \u00edndices de contagios son Ciudad Ixtepec y Santo Domingo Ingenio, que se ubican como el segundo y cuarto lugar en casos reportados, de acuerdo al \u00faltimo corte epidemiol\u00f3gico de los Servicios de Salud de Oaxaca.<\/p>\n\n\n\n<p>Ciudad Ixtepec tambi\u00e9n atraviesa una situaci\u00f3n cr\u00edtica por aumento de casos de Covid, y apenas la semana pasada, trabajadores del hospital general pararon labores, para exigir materiales e insumos.<\/p>\n\n\n\n<p>CASOS AL ALZA<\/p>\n\n\n\n<p>Apenas este jueves por la noche, la autoridad de salud dio a conocer que la entidad oaxaque\u00f1a tiene un aumento de casos activos de Covid-19 al pasar de 736 a 824, lo que representa un 12 por ciento de incremento.<\/p>\n\n\n\n<p>De acuerdo con la instituci\u00f3n, se tiene el registro de 161 casos nuevos y tres defunciones, que suman 49 mil 477 casos acumulados y tres mil 987 defunciones.&nbsp;<\/p>\n\n\n\n<p>Los casos nuevos afectan principalmente a los municipios de: Oaxaca de Ju\u00e1rez, Ciudad Ixtepec, Salina Cruz, Santo Domingo Ingenio, Santa Mar\u00eda Atzompa, El Barrio de la Soledad, Juchit\u00e1n de Zaragoza, San Pedro Mixtepec, Santa Cruz Xoxocotl\u00e1n, Santa Mar\u00eda Tonameca y Tlacolula de Matamoros.&nbsp;<\/p>\n","protected":false},"excerpt":{"rendered":"<p>Evlin Arag\u00f3n\/Zona Roja. Oaxaca de Ju\u00e1rez, Oax., 9 de julio de 2021.- La regi\u00f3n del&hellip;<\/p>\n","protected":false},"author":2,"featured_media":29540,"comment_status":"closed","ping_status":"open","sticky":false,"template":"","format":"standard","meta":{"_lmt_disableupdate":"","_lmt_disable":"","_jetpack_memberships_contains_paid_content":false,"footnotes":""},"categories":[109,47],"tags":[1512],"class_list":["post-29539","post","type-post","status-publish","format-standard","has-post-thumbnail","hentry","category-minuto-a-minuto","category-zona-gris","tag-coronavirus-oaxaca"],"jetpack_featured_media_url":"https:\/\/zonaroja.com.mx\/wp-content\/uploads\/2021\/07\/Coronavirus-Juchitan.jpg","jetpack_sharing_enabled":true,"_links":{"self":[{"href":"https:\/\/zonaroja.com.mx\/index.php?rest_route=\/wp\/v2\/posts\/29539","targetHints":{"allow":["GET"]}}],"collection":[{"href":"https:\/\/zonaroja.com.mx\/index.php?rest_route=\/wp\/v2\/posts"}],"about":[{"href":"https:\/\/zonaroja.com.mx\/index.php?rest_route=\/wp\/v2\/types\/post"}],"author":[{"embeddable":true,"href":"https:\/\/zonaroja.com.mx\/index.php?rest_route=\/wp\/v2\/users\/2"}],"replies":[{"embeddable":true,"href":"https:\/\/zonaroja.com.mx\/index.php?rest_route=%2Fwp%2Fv2%2Fcomments&post=29539"}],"version-history":[{"count":1,"href":"https:\/\/zonaroja.com.mx\/index.php?rest_route=\/wp\/v2\/posts\/29539\/revisions"}],"predecessor-version":[{"id":29541,"href":"https:\/\/zonaroja.com.mx\/index.php?rest_route=\/wp\/v2\/posts\/29539\/revisions\/29541"}],"wp:featuredmedia":[{"embeddable":true,"href":"https:\/\/zonaroja.com.mx\/index.php?rest_route=\/wp\/v2\/media\/29540"}],"wp:attachment":[{"href":"https:\/\/zonaroja.com.mx\/index.php?rest_route=%2Fwp%2Fv2%2Fmedia&parent=29539"}],"wp:term":[{"taxonomy":"category","embeddable":true,"href":"https:\/\/zonaroja.com.mx\/index.php?rest_route=%2Fwp%2Fv2%2Fcategories&post=29539"},{"taxonomy":"post_tag","embeddable":true,"href":"https:\/\/zonaroja.com.mx\/index.php?rest_route=%2Fwp%2Fv2%2Ftags&post=29539"}],"curies":[{"name":"wp","href":"https:\/\/api.w.org\/{rel}","templated":true}]}}