{"id":29542,"date":"2021-07-09T16:01:26","date_gmt":"2021-07-09T21:01:26","guid":{"rendered":"http:\/\/www.zonaroja.com.mx\/?p=29542"},"modified":"2021-07-09T16:01:28","modified_gmt":"2021-07-09T21:01:28","slug":"indagan-asesinato-de-un-individuo-en-cuilapam-oaxaca","status":"publish","type":"post","link":"https:\/\/zonaroja.com.mx\/?p=29542","title":{"rendered":"Indagan asesinato de un individuo en Cuil\u00e1pam, Oaxaca"},"content":{"rendered":"\n<p>Redacci\u00f3n\/Zona Roja.<\/p>\n\n\n\n<p>Oaxaca de Ju\u00e1rez, Oax., 9 de julio de 2021.- Un individuo fue asesinado la tarde-noche del mi\u00e9rcoles en Cuil\u00e1pam de Guerrero, municipio conurbado a la ciudad de Oaxaca.<\/p>\n\n\n\n<p>La v\u00edctima fue identificada como H\u00e9ctor M., de 36 a\u00f1os de edad, cuyo cuerpo, con varios disparos de arma de fuego, fue hallado en la carretera que comunica a Cuil\u00e1pam con la comunidad de San Pablo Cuatro Venados.<\/p>\n\n\n\n<p>Fueron vecinos del paraje \u201cLa Mesa\u201d perteneciente a Cuilapam de Guerrero, quienes localizaron el cad\u00e1ver por lo cual dieron parte a la autoridad ministerial.<\/p>\n\n\n\n<p>A la zona se desplazaron los elementos de la polic\u00eda municipal, estatal y agentes investigadores para tomar conocimiento del caso.<\/p>\n\n\n\n<p>Los vecinos indicaron que el ahora extinto era vecino de la Tercera Privada de Libertad de la agencia de Tiracoz en San Pedro Ixtlahuaca y originario de Magdalena Tequistitl\u00e1n, Tehuantepec.<\/p>\n\n\n\n<p>Hasta este viernes, no hay ninguna pista del o los probables autores del homicidio.<\/p>\n\n\n\n<p>Por otra parte, ayer por la ma\u00f1ana, cerca del r\u00edo \u201cAtoyac\u201d y sobre el camino que comunica a la Ex Garita con la avenida S\u00edmbolos Patrios, fue hallado el cad\u00e1ver de una mujer.<\/p>\n\n\n\n<p>Hasta este viernes a\u00fan no ha sido identificada y s\u00f3lo se sabe que fue estrangulada.<\/p>\n","protected":false},"excerpt":{"rendered":"<p>Redacci\u00f3n\/Zona Roja. Oaxaca de Ju\u00e1rez, Oax., 9 de julio de 2021.- Un individuo fue asesinado&hellip;<\/p>\n","protected":false},"author":2,"featured_media":29543,"comment_status":"closed","ping_status":"open","sticky":false,"template":"","format":"standard","meta":{"_lmt_disableupdate":"","_lmt_disable":"","_jetpack_memberships_contains_paid_content":false,"footnotes":""},"categories":[109,51],"tags":[1719],"class_list":["post-29542","post","type-post","status-publish","format-standard","has-post-thumbnail","hentry","category-minuto-a-minuto","category-zona-roja","tag-cuilapam-de-guerrero"],"jetpack_featured_media_url":"https:\/\/zonaroja.com.mx\/wp-content\/uploads\/2021\/07\/Asesinado-Cuilapam-de-Guerrero.jpg","jetpack_sharing_enabled":true,"_links":{"self":[{"href":"https:\/\/zonaroja.com.mx\/index.php?rest_route=\/wp\/v2\/posts\/29542","targetHints":{"allow":["GET"]}}],"collection":[{"href":"https:\/\/zonaroja.com.mx\/index.php?rest_route=\/wp\/v2\/posts"}],"about":[{"href":"https:\/\/zonaroja.com.mx\/index.php?rest_route=\/wp\/v2\/types\/post"}],"author":[{"embeddable":true,"href":"https:\/\/zonaroja.com.mx\/index.php?rest_route=\/wp\/v2\/users\/2"}],"replies":[{"embeddable":true,"href":"https:\/\/zonaroja.com.mx\/index.php?rest_route=%2Fwp%2Fv2%2Fcomments&post=29542"}],"version-history":[{"count":1,"href":"https:\/\/zonaroja.com.mx\/index.php?rest_route=\/wp\/v2\/posts\/29542\/revisions"}],"predecessor-version":[{"id":29544,"href":"https:\/\/zonaroja.com.mx\/index.php?rest_route=\/wp\/v2\/posts\/29542\/revisions\/29544"}],"wp:featuredmedia":[{"embeddable":true,"href":"https:\/\/zonaroja.com.mx\/index.php?rest_route=\/wp\/v2\/media\/29543"}],"wp:attachment":[{"href":"https:\/\/zonaroja.com.mx\/index.php?rest_route=%2Fwp%2Fv2%2Fmedia&parent=29542"}],"wp:term":[{"taxonomy":"category","embeddable":true,"href":"https:\/\/zonaroja.com.mx\/index.php?rest_route=%2Fwp%2Fv2%2Fcategories&post=29542"},{"taxonomy":"post_tag","embeddable":true,"href":"https:\/\/zonaroja.com.mx\/index.php?rest_route=%2Fwp%2Fv2%2Ftags&post=29542"}],"curies":[{"name":"wp","href":"https:\/\/api.w.org\/{rel}","templated":true}]}}