{"id":29545,"date":"2021-07-09T16:15:42","date_gmt":"2021-07-09T21:15:42","guid":{"rendered":"http:\/\/www.zonaroja.com.mx\/?p=29545"},"modified":"2021-07-09T16:15:47","modified_gmt":"2021-07-09T21:15:47","slug":"hospital-civil-de-oaxaca-en-situacion-critica-falta-de-insumos-continua","status":"publish","type":"post","link":"https:\/\/zonaroja.com.mx\/?p=29545","title":{"rendered":"Hospital Civil de Oaxaca, en situaci\u00f3n cr\u00edtica; falta de insumos contin\u00faa"},"content":{"rendered":"\n<p>Evlin Arag\u00f3n\/Zona Roja.<\/p>\n\n\n\n<p>Oaxaca de Ju\u00e1rez, Oax., 9 de julio de 2021.- Las carencias al interior del Hospital Civil \u201cDr. Aurelio Valdivieso\u201d han llegado al l\u00edmite, inform\u00f3 el secretario General de la Subsecci\u00f3n 07 del Sindicato Nacional de Trabadores de la Secretar\u00eda de Salud (SNTSA), Alberto V\u00e1squez San Germ\u00e1n.&nbsp;<\/p>\n\n\n\n<p>En entrevista colectiva, dijo que actualmente ya no tienen forma de dar atenci\u00f3n al usuario, por el contrario, y pese a que se trata de personas de escasos recursos, les piden todo el material que se necesita para poder brindarles el servicio m\u00e9dico.<\/p>\n\n\n\n<p>\u201cEs grave esta problem\u00e1tica porque tenemos fallas desde lo m\u00e1s b\u00e1sico, desde una jeringa hasta un medicamento para causarle sedaci\u00f3n a un paciente a fin de dejarlo en terapia intensiva o hacer un procedimiento anest\u00e9sico para hacer una cirug\u00eda, verdaderamente es una precariedad en la que estamos laborando\u201d, expuso.&nbsp;<\/p>\n\n\n\n<p>Como ejemplo cit\u00f3 lo que sucede en el \u00e1rea de Neonatos, donde son las propias enfermeras quienes compran el material para atender a los beb\u00e9s que ah\u00ed se encuentran luchando por sobrevivir, situaci\u00f3n que no es justa ni para el personal ni para los pacientes.<\/p>\n\n\n\n<p>Adem\u00e1s, relat\u00f3 que dentro de los grandes pendientes del nosocomio ubicado en la ciudad capital y a cargo de los Servicios de Salud de Oaxaca (SSO), se encuentra el pago de la p\u00f3liza del tom\u00f3grafo y los elevadores, as\u00ed como la rehabilitaci\u00f3n del procesador de tejidos destinado al \u00e1rea de Patolog\u00eda.<\/p>\n\n\n\n<p>Esta \u00faltima no ha permitido analizar un aproximado de 700 muestras, lo que impide que se pueda hacer un diagn\u00f3stico adecuado de diversos padecimientos y por ende se pueda brindar una atenci\u00f3n puntual que reduzca la mortalidad de las y los pacientes.&nbsp;<\/p>\n\n\n\n<p>V\u00e1squez San Germ\u00e1n indic\u00f3 que pese a las reuniones que han sostenido con las autoridades, a quienes ya han informado de la situaci\u00f3n que se vive al interior de nosocomio, solo existen compromisos que est\u00e1n lejos de cumplirse mostrando una enorme insensibilidad con la poblaci\u00f3n.&nbsp;<\/p>\n\n\n\n<p>De ah\u00ed que no descart\u00f3 pr\u00f3ximas movilizaciones por parte del personal, ya que la queja en torno a las carencias al interior del nosocomio es cotidiana, dejando en claro que en m\u00e1s de cuatro a\u00f1os el gobierno no ha podido atender y solventar la grave problem\u00e1tica.<\/p>\n\n\n\n<p>\u201cHacemos la invitaci\u00f3n al gobernador Alejandro Murat para que nos atienda, queremos decirle lo que estamos padeciendo, pero no hemos obtenido respuesta. El secretario de salud dice que no hay recursos, pero la dependencia no ha solventado observaciones federales para que se habilite mayor recurso\u201d, sentenci\u00f3.<\/p>\n\n\n\n<p>Finalmente, y corroborando la denuncia que hicieron este mi\u00e9rcoles proveedores del Hospital Civil, el representante sindical indic\u00f3 se trata de un mill\u00f3n y medio de pesos en alimentos y 750 mil pesos en agua y di\u00e9sel, como parte de las cifras del adeudo.<\/p>\n\n\n\n<p>PANDEMIA ACTIVA<\/p>\n\n\n\n<p>En torno a la pandemia, V\u00e1squez San Germ\u00e1n indic\u00f3 que el \u00e1rea Covid se encuentra llena y recibiendo de manera constantes a pacientes, muchos de los cu\u00e1les refiri\u00f3 son j\u00f3venes, ello pese a la falta de medicamentos e insumos como relajantes musculares y analg\u00e9sicos necesarios para la intubaci\u00f3n.&nbsp;&nbsp;<\/p>\n\n\n\n<p>Por lo anterior pidi\u00f3 a la poblaci\u00f3n no confiarse y mantener las medidas sanitarias ya que, pese a lo que digan las autoridades, el Sistema de Salud en M\u00e9xico no estuvo ni est\u00e1 preparado para una nueva ola de contagios como la que se plantea como posibilidad.&nbsp;<\/p>\n","protected":false},"excerpt":{"rendered":"<p>Evlin Arag\u00f3n\/Zona Roja. Oaxaca de Ju\u00e1rez, Oax., 9 de julio de 2021.- Las carencias al&hellip;<\/p>\n","protected":false},"author":2,"featured_media":13230,"comment_status":"closed","ping_status":"open","sticky":false,"template":"","format":"standard","meta":{"_lmt_disableupdate":"","_lmt_disable":"","_jetpack_memberships_contains_paid_content":false,"footnotes":""},"categories":[109,47],"tags":[781],"class_list":["post-29545","post","type-post","status-publish","format-standard","has-post-thumbnail","hentry","category-minuto-a-minuto","category-zona-gris","tag-hospital-civil-dr-aurelio-valdivieso-de-oaxaca"],"jetpack_featured_media_url":"https:\/\/zonaroja.com.mx\/wp-content\/uploads\/2020\/06\/Hospital-Civil-Oaxaca.png","jetpack_sharing_enabled":true,"_links":{"self":[{"href":"https:\/\/zonaroja.com.mx\/index.php?rest_route=\/wp\/v2\/posts\/29545","targetHints":{"allow":["GET"]}}],"collection":[{"href":"https:\/\/zonaroja.com.mx\/index.php?rest_route=\/wp\/v2\/posts"}],"about":[{"href":"https:\/\/zonaroja.com.mx\/index.php?rest_route=\/wp\/v2\/types\/post"}],"author":[{"embeddable":true,"href":"https:\/\/zonaroja.com.mx\/index.php?rest_route=\/wp\/v2\/users\/2"}],"replies":[{"embeddable":true,"href":"https:\/\/zonaroja.com.mx\/index.php?rest_route=%2Fwp%2Fv2%2Fcomments&post=29545"}],"version-history":[{"count":1,"href":"https:\/\/zonaroja.com.mx\/index.php?rest_route=\/wp\/v2\/posts\/29545\/revisions"}],"predecessor-version":[{"id":29546,"href":"https:\/\/zonaroja.com.mx\/index.php?rest_route=\/wp\/v2\/posts\/29545\/revisions\/29546"}],"wp:featuredmedia":[{"embeddable":true,"href":"https:\/\/zonaroja.com.mx\/index.php?rest_route=\/wp\/v2\/media\/13230"}],"wp:attachment":[{"href":"https:\/\/zonaroja.com.mx\/index.php?rest_route=%2Fwp%2Fv2%2Fmedia&parent=29545"}],"wp:term":[{"taxonomy":"category","embeddable":true,"href":"https:\/\/zonaroja.com.mx\/index.php?rest_route=%2Fwp%2Fv2%2Fcategories&post=29545"},{"taxonomy":"post_tag","embeddable":true,"href":"https:\/\/zonaroja.com.mx\/index.php?rest_route=%2Fwp%2Fv2%2Ftags&post=29545"}],"curies":[{"name":"wp","href":"https:\/\/api.w.org\/{rel}","templated":true}]}}