{"id":29551,"date":"2021-07-09T19:32:44","date_gmt":"2021-07-10T00:32:44","guid":{"rendered":"http:\/\/www.zonaroja.com.mx\/?p=29551"},"modified":"2021-07-09T19:32:46","modified_gmt":"2021-07-10T00:32:46","slug":"lluvias-dejan-otra-victima-en-oaxaca-arrastrada-por-la-corriente-de-un-rio","status":"publish","type":"post","link":"https:\/\/zonaroja.com.mx\/?p=29551","title":{"rendered":"Lluvias dejan otra v\u00edctima en Oaxaca, arrastrada por la corriente de un r\u00edo"},"content":{"rendered":"\n<p>Redacci\u00f3n\/Zona Roja.<\/p>\n\n\n\n<p>Oaxaca de Ju\u00e1rez, Oax., 9 de julio de 2021.- Una persona fue hallada sin vida tras ser arrastrada por la corriente de un r\u00edo en el municipio de Santa Mar\u00eda Ipalapa, confirm\u00f3 la Coordinaci\u00f3n Estatal de Protecci\u00f3n Civil de Oaxaca (CEPCO).<\/p>\n\n\n\n<p>Fue la tarde de ayer en que los pobladores de la localidad de Zocoteaca dieron el aviso de la desaparici\u00f3n de quien fue identificado como El\u00edas Cruz, de aproximadamente 60 a\u00f1os de edad.<\/p>\n\n\n\n<p>Regresaba de sus actividades agr\u00edcolas cuando presuntamente intent\u00f3 un cruzar un afluente conformado por el arroyo \u201cMulato\u201d y el r\u00edo \u201cCamar\u00f3n\u201d, cuya capacidad estaba al cien por ciento.<\/p>\n\n\n\n<p>Por la tarde-noche fue localizado el cuerpo, tras protocolos de b\u00fasqueda con el apoyo de organismos estatales y municipales.<\/p>\n","protected":false},"excerpt":{"rendered":"<p>Redacci\u00f3n\/Zona Roja. Oaxaca de Ju\u00e1rez, Oax., 9 de julio de 2021.- Una persona fue hallada&hellip;<\/p>\n","protected":false},"author":2,"featured_media":29552,"comment_status":"closed","ping_status":"open","sticky":false,"template":"","format":"standard","meta":{"_lmt_disableupdate":"","_lmt_disable":"","_jetpack_memberships_contains_paid_content":false,"footnotes":""},"categories":[109,47],"tags":[1753],"class_list":["post-29551","post","type-post","status-publish","format-standard","has-post-thumbnail","hentry","category-minuto-a-minuto","category-zona-gris","tag-santa-maria-ipalapa"],"jetpack_featured_media_url":"https:\/\/zonaroja.com.mx\/wp-content\/uploads\/2021\/07\/Arrastrado-lluvias-Ipalapa.jpg","jetpack_sharing_enabled":true,"_links":{"self":[{"href":"https:\/\/zonaroja.com.mx\/index.php?rest_route=\/wp\/v2\/posts\/29551","targetHints":{"allow":["GET"]}}],"collection":[{"href":"https:\/\/zonaroja.com.mx\/index.php?rest_route=\/wp\/v2\/posts"}],"about":[{"href":"https:\/\/zonaroja.com.mx\/index.php?rest_route=\/wp\/v2\/types\/post"}],"author":[{"embeddable":true,"href":"https:\/\/zonaroja.com.mx\/index.php?rest_route=\/wp\/v2\/users\/2"}],"replies":[{"embeddable":true,"href":"https:\/\/zonaroja.com.mx\/index.php?rest_route=%2Fwp%2Fv2%2Fcomments&post=29551"}],"version-history":[{"count":1,"href":"https:\/\/zonaroja.com.mx\/index.php?rest_route=\/wp\/v2\/posts\/29551\/revisions"}],"predecessor-version":[{"id":29553,"href":"https:\/\/zonaroja.com.mx\/index.php?rest_route=\/wp\/v2\/posts\/29551\/revisions\/29553"}],"wp:featuredmedia":[{"embeddable":true,"href":"https:\/\/zonaroja.com.mx\/index.php?rest_route=\/wp\/v2\/media\/29552"}],"wp:attachment":[{"href":"https:\/\/zonaroja.com.mx\/index.php?rest_route=%2Fwp%2Fv2%2Fmedia&parent=29551"}],"wp:term":[{"taxonomy":"category","embeddable":true,"href":"https:\/\/zonaroja.com.mx\/index.php?rest_route=%2Fwp%2Fv2%2Fcategories&post=29551"},{"taxonomy":"post_tag","embeddable":true,"href":"https:\/\/zonaroja.com.mx\/index.php?rest_route=%2Fwp%2Fv2%2Ftags&post=29551"}],"curies":[{"name":"wp","href":"https:\/\/api.w.org\/{rel}","templated":true}]}}