{"id":29554,"date":"2021-07-09T21:04:01","date_gmt":"2021-07-10T02:04:01","guid":{"rendered":"http:\/\/www.zonaroja.com.mx\/?p=29554"},"modified":"2021-07-09T21:04:04","modified_gmt":"2021-07-10T02:04:04","slug":"desestima-teeo-analizar-a-fondo-caso-de-teposcolula","status":"publish","type":"post","link":"https:\/\/zonaroja.com.mx\/?p=29554","title":{"rendered":"Desestima TEEO analizar a fondo caso de Teposcolula"},"content":{"rendered":"\n<p>Redacci\u00f3n\/Zona Roja.<\/p>\n\n\n\n<p>Oaxaca de Ju\u00e1rez, Oax., 9 de julio de 2021.- El pleno del Tribunal Electoral del Estado de Oaxaca (TEEO) desech\u00f3 el recurso de inconformidad de la elecci\u00f3n de ayuntamiento de San Pedro y San Pablo Teposcolula, identificado con la clave RIN\/EA\/36\/2021, instaurado por el partido pol\u00edtico Morena, a fin de impugnar del IEEPCO la negativa de expedirle a los candidatos postulados por Morena la constancia de mayor\u00eda como ganadores en la elecci\u00f3n al ayuntamiento.<\/p>\n\n\n\n<p>En un comunicado, argument\u00f3 que opera el principio de preclusi\u00f3n al intentar ejercer el derecho de acci\u00f3n por m\u00e1s de una vez.<\/p>\n\n\n\n<p>Lo anterior, ya que, derivado de la revisi\u00f3n al \u00edndice de asuntos que atiende este Tribunal, se advierte que se registr\u00f3 un diverso Recurso de Inconformidad n\u00famero RIN\/EA\/01\/2021, promovido por Ra\u00fal Mart\u00ednez Mart\u00ednez, en su car\u00e1cter de representante propietario de Morena, a fin de impugnar del IEEPCO la negativa de expedirle a la candidata postulada por Morena la constancia de mayor\u00eda como candidata ganadora en la elecci\u00f3n al ayuntamiento de Teposcolula.<\/p>\n\n\n\n<p>\u201cEsta resoluci\u00f3n aclar\u00f3 que esta \u00faltima demanda fue presentada en este Tribunal, a las doce horas con once minutos del d\u00eda 14 de junio, con anterioridad al recurso objeto de este juicio\u201d, detall\u00f3.<\/p>\n\n\n\n<p>El pasado 6 de junio, en la elecci\u00f3n de concejales de ese municipio de la regi\u00f3n Mixteca, gan\u00f3 Adalberto Reyes \u00c1vila con 891 votos, pero no estaba registrado por ning\u00fan partido pol\u00edtico ni como independiente.<\/p>\n\n\n\n<p>De los candidatos formalmente registrados ante el Instituto Estatal Electoral y de Participaci\u00f3n Ciudadana (IEEPCO), triunf\u00f3 Br\u00edgida Santiago Hern\u00e1ndez, con 483 sufragios.<\/p>\n","protected":false},"excerpt":{"rendered":"<p>Redacci\u00f3n\/Zona Roja. Oaxaca de Ju\u00e1rez, Oax., 9 de julio de 2021.- El pleno del Tribunal&hellip;<\/p>\n","protected":false},"author":2,"featured_media":29555,"comment_status":"closed","ping_status":"open","sticky":false,"template":"","format":"standard","meta":{"_lmt_disableupdate":"","_lmt_disable":"","_jetpack_memberships_contains_paid_content":false,"footnotes":""},"categories":[109,47],"tags":[2792,2737],"class_list":["post-29554","post","type-post","status-publish","format-standard","has-post-thumbnail","hentry","category-minuto-a-minuto","category-zona-gris","tag-adalberto-reyes-avila","tag-san-pedro-y-san-pablo-teposcolula"],"jetpack_featured_media_url":"https:\/\/zonaroja.com.mx\/wp-content\/uploads\/2021\/07\/Candidato-no-registrado-Teposcolula-Adalberto-Reyes-Avila.jpg","jetpack_sharing_enabled":true,"_links":{"self":[{"href":"https:\/\/zonaroja.com.mx\/index.php?rest_route=\/wp\/v2\/posts\/29554","targetHints":{"allow":["GET"]}}],"collection":[{"href":"https:\/\/zonaroja.com.mx\/index.php?rest_route=\/wp\/v2\/posts"}],"about":[{"href":"https:\/\/zonaroja.com.mx\/index.php?rest_route=\/wp\/v2\/types\/post"}],"author":[{"embeddable":true,"href":"https:\/\/zonaroja.com.mx\/index.php?rest_route=\/wp\/v2\/users\/2"}],"replies":[{"embeddable":true,"href":"https:\/\/zonaroja.com.mx\/index.php?rest_route=%2Fwp%2Fv2%2Fcomments&post=29554"}],"version-history":[{"count":1,"href":"https:\/\/zonaroja.com.mx\/index.php?rest_route=\/wp\/v2\/posts\/29554\/revisions"}],"predecessor-version":[{"id":29556,"href":"https:\/\/zonaroja.com.mx\/index.php?rest_route=\/wp\/v2\/posts\/29554\/revisions\/29556"}],"wp:featuredmedia":[{"embeddable":true,"href":"https:\/\/zonaroja.com.mx\/index.php?rest_route=\/wp\/v2\/media\/29555"}],"wp:attachment":[{"href":"https:\/\/zonaroja.com.mx\/index.php?rest_route=%2Fwp%2Fv2%2Fmedia&parent=29554"}],"wp:term":[{"taxonomy":"category","embeddable":true,"href":"https:\/\/zonaroja.com.mx\/index.php?rest_route=%2Fwp%2Fv2%2Fcategories&post=29554"},{"taxonomy":"post_tag","embeddable":true,"href":"https:\/\/zonaroja.com.mx\/index.php?rest_route=%2Fwp%2Fv2%2Ftags&post=29554"}],"curies":[{"name":"wp","href":"https:\/\/api.w.org\/{rel}","templated":true}]}}