{"id":29557,"date":"2021-07-09T21:28:07","date_gmt":"2021-07-10T02:28:07","guid":{"rendered":"http:\/\/www.zonaroja.com.mx\/?p=29557"},"modified":"2021-07-09T21:28:09","modified_gmt":"2021-07-10T02:28:09","slug":"otro-dia-rojo-de-covid-en-oaxaca-143-contagiados-y-8-hospitales-saturados","status":"publish","type":"post","link":"https:\/\/zonaroja.com.mx\/?p=29557","title":{"rendered":"Otro d\u00eda rojo de Covid en Oaxaca: 143 contagiados y 8 hospitales saturados"},"content":{"rendered":"\n<p>Redacci\u00f3n\/Zona Roja.<\/p>\n\n\n\n<p>Oaxaca de Ju\u00e1rez, Oax, 9 de julio de 2021.- Los casos de Covid-19 contin\u00faan en aumento en la entidad, con 143 pacientes nuevos reportados este viernes, y un total de 873 personas en fase activa de transmisibilidad, informaron los Servicios de Salud de Oaxaca (SSO).<\/p>\n\n\n\n<p>Al corte de este viernes, el estado acumul\u00f3 tres mil 988 muertes asociadas al virus SARS-CoV-2, esto es un deceso m\u00e1s que el d\u00eda de ayer; asimismo, sum\u00f3 49 mil 620 contagios acumulados.<\/p>\n\n\n\n<p>La incidencia m\u00e1s alta de casos nuevos, pertenece al municipio de Oaxaca de Ju\u00e1rez con 32 pacientes, seguido de Salina Cruz con 17, Santa Luc\u00eda de Camino con nueve, as\u00ed como Santa Cruz Xoxocotl\u00e1n y Santa Mar\u00eda Huatulco con ocho cada uno, por mencionar algunos, para un total de 41 localidades con presencia de contagios reportados en las \u00faltimas 24 horas.<\/p>\n\n\n\n<p>De acuerdo con los datos del informe del avance de la pandemia, el 64.5% del global de las v\u00edctimas mortales son hombres y el 35.5% mujeres; mientras tanto, el 40.4% de los pacientes fueron diagnosticados con hipertensi\u00f3n arterial, el 36% con diabetes mellitus y el 21.2% con obesidad.<\/p>\n\n\n\n<p>El primer lugar de mortalidad por ubicaci\u00f3n geogr\u00e1fica estatal, le corresponde a Valles Centrales con mil 919 defunciones; es decir, esta zona representa el 48% del total de muertes acumuladas, seguido del Istmo con 767, la Mixteca con 408, Tuxtepec y la Costa con 315, y por \u00faltimo la Sierra con 224.<\/p>\n\n\n\n<figure class=\"wp-block-embed-twitter wp-block-embed is-type-rich is-provider-twitter\"><div class=\"wp-block-embed__wrapper\">\n<div class=\"twitter-tweet\"><blockquote class=\"twitter-tweet\" data-lang=\"es\"><p lang=\"es\" dir=\"ltr\"><a href=\"https:\/\/twitter.com\/hashtag\/%C3%9AltimoMinuto?src=hash&amp;ref_src=twsrc%5Etfw\">#\u00daltimoMinuto<\/a> <br>En el caso de <a href=\"https:\/\/twitter.com\/hashtag\/Oaxaca?src=hash&amp;ref_src=twsrc%5Etfw\">#Oaxaca<\/a>, los Servicios de Salud reportaron este viernes una defunci\u00f3n, con lo que suman 3 mil 988 decesos.<br>Tambi\u00e9n, 143 casos positivos, para un total de 49 mil 620 casos confirmados.<br>Aumentan a ocho los hospitales llenos de pacientes. <a href=\"https:\/\/twitter.com\/hashtag\/Qu%C3%A9dateEnCasa?src=hash&amp;ref_src=twsrc%5Etfw\">#Qu\u00e9dateEnCasa<\/a> <a href=\"https:\/\/t.co\/PXjg7sttyc\">pic.twitter.com\/PXjg7sttyc<\/a><\/p>&mdash; Zona Roja Oaxaca (@Zona_Roja_Oax) <a href=\"https:\/\/twitter.com\/Zona_Roja_Oax\/status\/1413663564204814345?ref_src=twsrc%5Etfw\">10 de julio de 2021<\/a><\/blockquote><\/div>\n<\/div><\/figure>\n\n\n\n<p>Desde el pasado 14 de marzo del 2020, Oaxaca ha acumulado 86 mil 4 contagios, de los cuales, 44 mil 759 pacientes se han recuperado, 31 mil 363 fueron negativos y 5 mil 21 se encuentran como sospechosos.<\/p>\n\n\n\n<p>Seg\u00fan la estad\u00edstica de casos positivos, Valles Centrales alcanz\u00f3 los 33 mil 13 acumulados, Mixteca con 4 mil 112, Istmo con 4 mil 989, Tuxtepec con 3 mil 38, Costa 2 mil 693 y Sierra con mil 775.<\/p>\n\n\n\n<p>La ocupaci\u00f3n hospitalaria por COVID-19, report\u00f3 un 30.9% de saturaci\u00f3n, lo que se traduce en 111 personas internadas, de las cuales nueve son pacientes nuevos, por lo que al corte de hoy, se elev\u00f3 a ocho el n\u00famero de hospitales que se encuentran al 100% de su capacidad para la atenci\u00f3n a la emergencia sanitaria.<\/p>\n\n\n\n<p>Finalmente, la dependencia record\u00f3 a la poblaci\u00f3n que el riesgo de contagio aumenta en lugares encerrados, sin ventilaci\u00f3n, sin el uso correcto del cubrebocas, y por tiempos prolongados de exposici\u00f3n; por lo cual, hizo \u00e9nfasis que es necesario que las y los oaxaque\u00f1os \u2013principalmente los j\u00f3venes adultos- eviten realizar festejos, reuniones, as\u00ed como acudir a lugares aglomerados.<\/p>\n\n\n\n<p>(Comunicado)<\/p>\n","protected":false},"excerpt":{"rendered":"<p>Redacci\u00f3n\/Zona Roja. Oaxaca de Ju\u00e1rez, Oax, 9 de julio de 2021.- Los casos de Covid-19&hellip;<\/p>\n","protected":false},"author":2,"featured_media":29558,"comment_status":"closed","ping_status":"open","sticky":false,"template":"","format":"standard","meta":{"_lmt_disableupdate":"","_lmt_disable":"","_jetpack_memberships_contains_paid_content":false,"footnotes":""},"categories":[109,47],"tags":[1512],"class_list":["post-29557","post","type-post","status-publish","format-standard","has-post-thumbnail","hentry","category-minuto-a-minuto","category-zona-gris","tag-coronavirus-oaxaca"],"jetpack_featured_media_url":"https:\/\/zonaroja.com.mx\/wp-content\/uploads\/2021\/07\/09-de-julio-de-2021.-Casos-COVID-19.jpg","jetpack_sharing_enabled":true,"_links":{"self":[{"href":"https:\/\/zonaroja.com.mx\/index.php?rest_route=\/wp\/v2\/posts\/29557","targetHints":{"allow":["GET"]}}],"collection":[{"href":"https:\/\/zonaroja.com.mx\/index.php?rest_route=\/wp\/v2\/posts"}],"about":[{"href":"https:\/\/zonaroja.com.mx\/index.php?rest_route=\/wp\/v2\/types\/post"}],"author":[{"embeddable":true,"href":"https:\/\/zonaroja.com.mx\/index.php?rest_route=\/wp\/v2\/users\/2"}],"replies":[{"embeddable":true,"href":"https:\/\/zonaroja.com.mx\/index.php?rest_route=%2Fwp%2Fv2%2Fcomments&post=29557"}],"version-history":[{"count":1,"href":"https:\/\/zonaroja.com.mx\/index.php?rest_route=\/wp\/v2\/posts\/29557\/revisions"}],"predecessor-version":[{"id":29559,"href":"https:\/\/zonaroja.com.mx\/index.php?rest_route=\/wp\/v2\/posts\/29557\/revisions\/29559"}],"wp:featuredmedia":[{"embeddable":true,"href":"https:\/\/zonaroja.com.mx\/index.php?rest_route=\/wp\/v2\/media\/29558"}],"wp:attachment":[{"href":"https:\/\/zonaroja.com.mx\/index.php?rest_route=%2Fwp%2Fv2%2Fmedia&parent=29557"}],"wp:term":[{"taxonomy":"category","embeddable":true,"href":"https:\/\/zonaroja.com.mx\/index.php?rest_route=%2Fwp%2Fv2%2Fcategories&post=29557"},{"taxonomy":"post_tag","embeddable":true,"href":"https:\/\/zonaroja.com.mx\/index.php?rest_route=%2Fwp%2Fv2%2Ftags&post=29557"}],"curies":[{"name":"wp","href":"https:\/\/api.w.org\/{rel}","templated":true}]}}