{"id":2956,"date":"2019-08-09T20:39:44","date_gmt":"2019-08-10T01:39:44","guid":{"rendered":"http:\/\/www.zonaroja.com.mx\/?p=2956"},"modified":"2019-08-09T20:39:47","modified_gmt":"2019-08-10T01:39:47","slug":"estudiantes-de-la-ensfo-retiran-bloqueo-sin-razon-sus-demandas","status":"publish","type":"post","link":"https:\/\/zonaroja.com.mx\/?p=2956","title":{"rendered":"Estudiantes de la ENSFO retiran bloqueo; sin raz\u00f3n sus demandas"},"content":{"rendered":"\n<p>Redacci\u00f3n\/Zona Roja.<\/p>\n\n\n\n<p>Oaxaca de Ju\u00e1rez, Oax., 9 de agosto de\n2019.- Docentes-estudiantes de la Escuela Normal Superior Federal de Oaxaca\n(ENSFO) retiraron sus bloqueos la tarde de este viernes, a cruces viales de la\ncalzada H\u00e9roes de Chapultepec de la ciudad de Oaxaca.<\/p>\n\n\n\n<p>Los inconformes reclamaban pagos a\nasesores, pendientes de cubrir desde hace tres periodos lectivos y que, seg\u00fan\ninformaron, el monto ascend\u00eda a 20 millones de pesos.<\/p>\n\n\n\n<p>Sin embargo, el Instituto Estatal de\nEducaci\u00f3n P\u00fablica de Oaxaca (IEEPO) dio a conocer que ha dado puntual respuesta\na los planteamientos del Consejo Estudiantil de la ENSFO y brinda el\nacompa\u00f1amiento necesario ante la Secretar\u00eda de Educaci\u00f3n P\u00fablica (SEP) del\nGobierno de M\u00e9xico.<\/p>\n\n\n\n<p>En un comunicado, se\u00f1al\u00f3 que no hay raz\u00f3n para que los estudiantes se manifiesten en la ciudad de Oaxaca afectando terceros y los exhort\u00f3 a que conforme a los avances logrados, den seguimiento a sus peticiones por la v\u00eda institucional.<\/p>\n\n\n\n<figure class=\"wp-block-embed-twitter wp-block-embed is-type-rich is-provider-twitter\"><div class=\"wp-block-embed__wrapper\">\n<div class=\"twitter-tweet\"><blockquote class=\"twitter-tweet\" data-lang=\"es\"><p lang=\"es\" dir=\"ltr\">El IEEPO ha dado puntual respuesta a planteamientos del Consejo Estudiantil de la Escuela Normal Superior Federal de Oaxaca. <a href=\"https:\/\/t.co\/RkGfVcpi08\">pic.twitter.com\/RkGfVcpi08<\/a><\/p>&mdash; IEEPO (@IEEPOGobOax) <a href=\"https:\/\/twitter.com\/IEEPOGobOax\/status\/1159858470797172741?ref_src=twsrc%5Etfw\">9 de agosto de 2019<\/a><\/blockquote><\/div>\n<\/div><\/figure>\n\n\n\n<p>Explic\u00f3 que respecto al proceso de\ncertificaci\u00f3n de estudios del 2004 a 2018 solicitado por el Consejo Estudiantil\nde la ENSFO, el Instituto ha estado recibiendo la documentaci\u00f3n correspondiente\ndesde octubre del a\u00f1o pasado y se encuentra a la espera de que la entreguen los\nestudiantes que faltan, a fin de que sea validada por el IEEPO y la SEP.<\/p>\n\n\n\n<p>Por otra parte, dej\u00f3 en claro que el\nGobierno del Estado no est\u00e1 facultado para la atenci\u00f3n del pago de los asesores\nexternos, lo cual tambi\u00e9n est\u00e1 fuera de la normalidad.<\/p>\n\n\n\n<p>En tanto que sobre la reactivaci\u00f3n de\nla Maestr\u00eda en Matem\u00e1ticas mencion\u00f3 que ya fue autorizada por la SEP y se\nsolicit\u00f3 al \u00e1rea administrativa de la ENSFO la documentaci\u00f3n correspondiente.<\/p>\n\n\n\n<p>Puntualiz\u00f3 que la solicitud de permitir\nel ingreso a la Escuela Normal Superior Federal de Oaxaca a personal de apoyo y\nasistencia, es un tema de competencia federal por lo cual se realiz\u00f3 el\nplanteamiento ante la SEP.<\/p>\n\n\n\n<p>Sobre la solicitud de becas, al ser\ndocentes con goce de sueldo, no pueden ser acreedores a alguna beca porque as\u00ed\nest\u00e1 establecido en la normatividad.<\/p>\n","protected":false},"excerpt":{"rendered":"<p>Redacci\u00f3n\/Zona Roja. Oaxaca de Ju\u00e1rez, Oax., 9 de agosto de 2019.- Docentes-estudiantes de la Escuela&hellip;<\/p>\n","protected":false},"author":2,"featured_media":2957,"comment_status":"closed","ping_status":"open","sticky":false,"template":"","format":"standard","meta":{"_lmt_disableupdate":"","_lmt_disable":"","_jetpack_memberships_contains_paid_content":false,"footnotes":""},"categories":[109,47],"tags":[520],"class_list":["post-2956","post","type-post","status-publish","format-standard","has-post-thumbnail","hentry","category-minuto-a-minuto","category-zona-gris","tag-ensfo"],"jetpack_featured_media_url":"https:\/\/zonaroja.com.mx\/wp-content\/uploads\/2019\/08\/PHOTO-2019-08-09-17-27-32.jpg","jetpack_sharing_enabled":true,"_links":{"self":[{"href":"https:\/\/zonaroja.com.mx\/index.php?rest_route=\/wp\/v2\/posts\/2956","targetHints":{"allow":["GET"]}}],"collection":[{"href":"https:\/\/zonaroja.com.mx\/index.php?rest_route=\/wp\/v2\/posts"}],"about":[{"href":"https:\/\/zonaroja.com.mx\/index.php?rest_route=\/wp\/v2\/types\/post"}],"author":[{"embeddable":true,"href":"https:\/\/zonaroja.com.mx\/index.php?rest_route=\/wp\/v2\/users\/2"}],"replies":[{"embeddable":true,"href":"https:\/\/zonaroja.com.mx\/index.php?rest_route=%2Fwp%2Fv2%2Fcomments&post=2956"}],"version-history":[{"count":1,"href":"https:\/\/zonaroja.com.mx\/index.php?rest_route=\/wp\/v2\/posts\/2956\/revisions"}],"predecessor-version":[{"id":2958,"href":"https:\/\/zonaroja.com.mx\/index.php?rest_route=\/wp\/v2\/posts\/2956\/revisions\/2958"}],"wp:featuredmedia":[{"embeddable":true,"href":"https:\/\/zonaroja.com.mx\/index.php?rest_route=\/wp\/v2\/media\/2957"}],"wp:attachment":[{"href":"https:\/\/zonaroja.com.mx\/index.php?rest_route=%2Fwp%2Fv2%2Fmedia&parent=2956"}],"wp:term":[{"taxonomy":"category","embeddable":true,"href":"https:\/\/zonaroja.com.mx\/index.php?rest_route=%2Fwp%2Fv2%2Fcategories&post=2956"},{"taxonomy":"post_tag","embeddable":true,"href":"https:\/\/zonaroja.com.mx\/index.php?rest_route=%2Fwp%2Fv2%2Ftags&post=2956"}],"curies":[{"name":"wp","href":"https:\/\/api.w.org\/{rel}","templated":true}]}}