{"id":29560,"date":"2021-07-09T22:19:57","date_gmt":"2021-07-10T03:19:57","guid":{"rendered":"http:\/\/www.zonaroja.com.mx\/?p=29560"},"modified":"2021-07-09T22:56:03","modified_gmt":"2021-07-10T03:56:03","slug":"rechazan-ayutla-y-tamazulapam-emplazamiento-de-juez-federal","status":"publish","type":"post","link":"https:\/\/zonaroja.com.mx\/?p=29560","title":{"rendered":"Rechazan Ayutla y Tamazul\u00e1pam emplazamiento de juez federal"},"content":{"rendered":"\n<p>Ismael Garc\u00eda M.\/Zona Roja.<\/p>\n\n\n\n<p>Oaxaca de Ju\u00e1rez, Oax., 9 de julio de 2021.- Autoridades municipales, agrarias y auxiliares de San Pedro y San Pablo Ayutla y de Tamazul\u00e1pam del Esp\u00edritu Santo, acordaron hoy demandar a los gobiernos y poderes federal y estatal, as\u00ed como a particulares, respeto a su autonom\u00eda, forma de organizaci\u00f3n y resoluci\u00f3n de conflictos, as\u00ed como la no intromisi\u00f3n de personas ajenas.<\/p>\n\n\n\n<p>Ello en referencia a la disputa agraria y del manantial que se encuentra en los l\u00edmites de ambos municipios, al que Ayutla ha exigido reconectar su servicio de agua potable desde hace m\u00e1s de cuatro a\u00f1os y que ha derivado incluso en hechos violentos, entre ellos un homicidio.<\/p>\n\n\n\n<p>Por exigencias y amparos de Ayutla, el Poder Judicial de la Federaci\u00f3n emplaz\u00f3 al gobierno de Oaxaca a reconectar en un m\u00e1ximo de tres d\u00edas el servicio de agua.<\/p>\n\n\n\n<p>\u201cReconocemos la existencia de un conflicto agrario desde hace varias d\u00e9cadas debido a que no se ha podido lograr la disoluci\u00f3n de la mancomunidad entre ambos pueblos, situaci\u00f3n que provoc\u00f3 la disputa de un manantial, que a su vez ha desencadenado actos violentos en diferentes a\u00f1os\u201d, expusieron en un comunicado conjunto.<\/p>\n\n\n\n<p>\u201cDerivado de este conflicto, han sido muchas las posturas y opiniones sobre lo que sucede entre nuestras comunidades, informaci\u00f3n que muchas veces es mal interpretada por los medios de comunicaci\u00f3n e incluso por las mismas autoridades de gobierno\u201d, se\u00f1alaron.<\/p>\n\n\n\n<p>Indicaron que bajo ese contexto es como \u201cse ha tratado de imponer a estas comunidades supuestas soluciones al conflicto (sentencias, mandatos o resoluciones), las cuales no son claras en cuanto a su ejecuci\u00f3n ni previamente consultadas con la asamblea comunitaria que rige nuestra organizaci\u00f3n pol\u00edtica\u201d.<\/p>\n\n\n\n<figure class=\"wp-block-embed-twitter wp-block-embed is-type-rich is-provider-twitter\"><div class=\"wp-block-embed__wrapper\">\n<div class=\"twitter-tweet\"><blockquote class=\"twitter-tweet\" data-lang=\"es\"><p lang=\"es\" dir=\"ltr\">El respeto a la autodeterminaci\u00f3n de los pueblos originarios de Oaxaca es la principal v\u00eda para alcanzar la paz entre comunidades en conflicto. Comparto el comunicado conjunto que hoy emitieron las comunidades de San Pedro y San Pablo Ayutla, y de Tamazul\u00e1pam del Esp\u00edritu Santo. <a href=\"https:\/\/t.co\/mQhtZW9LDZ\">pic.twitter.com\/mQhtZW9LDZ<\/a><\/p>&mdash; Alejandro Murat (@alejandromurat) <a href=\"https:\/\/twitter.com\/alejandromurat\/status\/1413690913528893442?ref_src=twsrc%5Etfw\">10 de julio de 2021<\/a><\/blockquote><\/div>\n<\/div><\/figure>\n\n\n\n<p>Hicieron incluso referencia a las declaraciones recientes, el pasado jueves, del Presidente Andr\u00e9s Manuel L\u00f3pez Obrador sobre el tema, por lo cual determinaron hoy:<\/p>\n\n\n\n<p>Oponerse a cualquier imposici\u00f3n gubernamental, intromisi\u00f3n de particulares o declaraciones a nombre de las autoridades sobre el conflicto que prevalece.<\/p>\n\n\n\n<p>Exigir a las instituciones gubernamentales y dem\u00e1s personas ajenas, que respeten los acuerdos emanados de un di\u00e1logo entre ambas autoridades.<\/p>\n\n\n\n<p>Exigir la no intromisi\u00f3n de elementos armados ni gubernamentales al territorio mixe para la supuesta resoluci\u00f3n del conflicto agrario.<\/p>\n\n\n\n<p>Solicitar a los medios de comunicaci\u00f3n que no se dirijan en forma discriminatoria ni fomenten la violencia entre los ciudadanos ind\u00edgenas de ambas comunidades.<\/p>\n\n\n\n<p>Condenar cualquier acto de violencia que se pueda desencadenar de la imposici\u00f3n de alguna supuesta soluci\u00f3n al conflicto.<\/p>\n\n\n\n<p>\u201cPedimos de forma en\u00e9rgica que se nos permita continuar con el di\u00e1logo comunitario sin imposici\u00f3n de ninguna acci\u00f3n que entorpezca el mismo\u201d, puntualizaron en el comunicado de dos cuartillas, firmado por las autoridades y difundido a trav\u00e9s de sus redes sociales por el gobernador de Oaxaca, Alejandro Murat Hinojosa.<\/p>\n","protected":false},"excerpt":{"rendered":"<p>Ismael Garc\u00eda M.\/Zona Roja. Oaxaca de Ju\u00e1rez, Oax., 9 de julio de 2021.- Autoridades municipales,&hellip;<\/p>\n","protected":false},"author":2,"featured_media":29561,"comment_status":"closed","ping_status":"open","sticky":false,"template":"","format":"standard","meta":{"_lmt_disableupdate":"","_lmt_disable":"","_jetpack_memberships_contains_paid_content":false,"footnotes":""},"categories":[109,46],"tags":[356],"class_list":["post-29560","post","type-post","status-publish","format-standard","has-post-thumbnail","hentry","category-minuto-a-minuto","category-zona-blanca","tag-conflicto-san-pedro-y-san-pablo-ayutla-y-tamazulapam-del-espiritu-santo"],"jetpack_featured_media_url":"https:\/\/zonaroja.com.mx\/wp-content\/uploads\/2021\/07\/Comunicado-conjunto-Ayutla-y-Tamazulapam.jpg","jetpack_sharing_enabled":true,"_links":{"self":[{"href":"https:\/\/zonaroja.com.mx\/index.php?rest_route=\/wp\/v2\/posts\/29560","targetHints":{"allow":["GET"]}}],"collection":[{"href":"https:\/\/zonaroja.com.mx\/index.php?rest_route=\/wp\/v2\/posts"}],"about":[{"href":"https:\/\/zonaroja.com.mx\/index.php?rest_route=\/wp\/v2\/types\/post"}],"author":[{"embeddable":true,"href":"https:\/\/zonaroja.com.mx\/index.php?rest_route=\/wp\/v2\/users\/2"}],"replies":[{"embeddable":true,"href":"https:\/\/zonaroja.com.mx\/index.php?rest_route=%2Fwp%2Fv2%2Fcomments&post=29560"}],"version-history":[{"count":2,"href":"https:\/\/zonaroja.com.mx\/index.php?rest_route=\/wp\/v2\/posts\/29560\/revisions"}],"predecessor-version":[{"id":29563,"href":"https:\/\/zonaroja.com.mx\/index.php?rest_route=\/wp\/v2\/posts\/29560\/revisions\/29563"}],"wp:featuredmedia":[{"embeddable":true,"href":"https:\/\/zonaroja.com.mx\/index.php?rest_route=\/wp\/v2\/media\/29561"}],"wp:attachment":[{"href":"https:\/\/zonaroja.com.mx\/index.php?rest_route=%2Fwp%2Fv2%2Fmedia&parent=29560"}],"wp:term":[{"taxonomy":"category","embeddable":true,"href":"https:\/\/zonaroja.com.mx\/index.php?rest_route=%2Fwp%2Fv2%2Fcategories&post=29560"},{"taxonomy":"post_tag","embeddable":true,"href":"https:\/\/zonaroja.com.mx\/index.php?rest_route=%2Fwp%2Fv2%2Ftags&post=29560"}],"curies":[{"name":"wp","href":"https:\/\/api.w.org\/{rel}","templated":true}]}}