{"id":29565,"date":"2021-07-10T07:21:55","date_gmt":"2021-07-10T12:21:55","guid":{"rendered":"http:\/\/www.zonaroja.com.mx\/?p=29565"},"modified":"2021-07-10T07:21:57","modified_gmt":"2021-07-10T12:21:57","slug":"van-contra-mas-ex-colaboradores-de-epn-ahora-ex-titular-de-economia","status":"publish","type":"post","link":"https:\/\/zonaroja.com.mx\/?p=29565","title":{"rendered":"Van contra m\u00e1s ex colaboradores de EPN; ahora ex titular de Econom\u00eda"},"content":{"rendered":"\n<p>Redacci\u00f3n\/Zona Roja Cdmx.<\/p>\n\n\n\n<p>Ciudad de M\u00e9xico, 10 de julio de 2021.- El gobierno de Andr\u00e9s Manuel L\u00f3pez Obrador va por m\u00e1s ex colaboradores de quien fuera Presidente de M\u00e9xico, Enrique Pe\u00f1a Nieto.<\/p>\n\n\n\n<p>Ahora se trata de Ildefonso Guajardo Villarreal, quien se desempe\u00f1\u00f3 como secretario de Econom\u00eda en el sexenio anterior y se le acusa de enriquecimiento il\u00edcito, por lo que ayer fue vinculado a proceso.<\/p>\n\n\n\n<p>El caso de Guajardo, diputado federal electo por el PRI por la v\u00eda plurinominal para la pr\u00f3xima legislatura, se sum\u00f3 a los de sus excompa\u00f1eros de gabinete Rosario Berlanga, extitular de Sedesol; Emilio Lozoya Austin, exdirector de Pemex, y el general Eduardo Le\u00f3n Trauwitz, jefe de escoltas de Pe\u00f1a Nieto.<\/p>\n\n\n\n<p>De acuerdo con la Fiscal\u00eda General de la Rep\u00fablica (FGR), el ex titular de Econom\u00eda obtuvo un incremento injustificado en su patrimonio, relacionado con la adquisici\u00f3n de obras de arte y diversos dep\u00f3sitos en cuentas bancarias, tanto nacionales como extranjeras.<\/p>\n\n\n\n<p>En la audiencia de vinculaci\u00f3n celebrada ayer, el juez de control adscrito al Centro de Justicia Penal Federal con sede en el Reclusorio Norte de Ciudad de M\u00e9xico concedi\u00f3 a la FGR dos de tres medidas cautelares contra Guajardo: que acuda a firmar peri\u00f3dicamente al reclusorio y se le impide abandonar el pa\u00eds sin autorizaci\u00f3n judicial.<\/p>\n\n\n\n<p>La tercera medida era que no rindiera protesta como legislador. \u201cAh\u00ed estaba totalmente fuera de lugar la fiscal\u00eda (\u2026) pues ellos no lo pueden pedir, es un poder distinto\u201d, explic\u00f3 el ex funcionario.<\/p>\n\n\n\n<p>\u201cQuiero aclarar que enfrentar\u00e9 el proceso con mis derechos ciudadanos intactos. De hecho, el juez que lleva el caso fue muy correcto al corregirle la plana a la fiscal\u00eda, que quer\u00eda impedir mi toma de protesta como diputado. Conf\u00edo en la imparcialidad del Poder Judicial de la Federaci\u00f3n\u201d, se\u00f1al\u00f3 Guajardo en el comunicado.&nbsp;<\/p>\n\n\n\n<p>En el documento, expres\u00f3 que se encuentra tranquilo y con la serenidad de tener la honradez y el prestigio construido durante 40 a\u00f1os de servicio p\u00fablico, que prueban que es \u201cun hombre de bien\u201d.<\/p>\n\n\n\n<p>Asegur\u00f3 que cuenta con las pruebas que acreditan su inocencia y adelant\u00f3 que \u00e9l mismo asumir\u00e1 su defensa, \u201cpues no tengo nada qu\u00e9 esconder\u201d. \u201cNo quiero acusar a nadie, pero esto me huele a persecuci\u00f3n pol\u00edtica. A partir del primero de septiembre ser\u00e9 diputado federal y lo digo fuerte y claro: lo har\u00e9 en mi papel de opositor\u201d, asever\u00f3.<\/p>\n\n\n\n<p>El Ministerio P\u00fablico de la Federaci\u00f3n tiene hasta el pr\u00f3ximo 8 de noviembre para continuar recabando informaci\u00f3n contra Guajardo, cuando concluye la investigaci\u00f3n complementaria.<\/p>\n\n\n\n<p>En los seis a\u00f1os que estuvo al frente de la Secretar\u00eda de Econom\u00eda, declar\u00f3 796 mil 327 pesos por ingresos netos provenientes de actividades financieras o ajenas al servicio p\u00fablico y en 2016 declar\u00f3 la adquisici\u00f3n de una obra de arte sin especificar su costo.<\/p>\n\n\n\n<p>En 2015 report\u00f3 el costo de sus bienes inmuebles, muebles e inversiones. De ese informe se puede observar que Guajardo sumaba 720 mil pesos en \u00f3leos y grabados y otros 247 mil pesos en esculturas.<\/p>\n\n\n\n<p>Hasta ese entonces no hab\u00eda reportado la adquisici\u00f3n de un cuadro comprado de contado en 2010, pero que declar\u00f3 seis a\u00f1os despu\u00e9s cuando recibi\u00f3 la obra.<\/p>\n\n\n\n<p>(Con informaci\u00f3n de \u201cMilenio\u201d)<\/p>\n","protected":false},"excerpt":{"rendered":"<p>Redacci\u00f3n\/Zona Roja Cdmx. Ciudad de M\u00e9xico, 10 de julio de 2021.- El gobierno de Andr\u00e9s&hellip;<\/p>\n","protected":false},"author":2,"featured_media":29566,"comment_status":"closed","ping_status":"open","sticky":false,"template":"","format":"standard","meta":{"_lmt_disableupdate":"","_lmt_disable":"","_jetpack_memberships_contains_paid_content":false,"footnotes":""},"categories":[109,47],"tags":[2793],"class_list":["post-29565","post","type-post","status-publish","format-standard","has-post-thumbnail","hentry","category-minuto-a-minuto","category-zona-gris","tag-ildefonso-guajardo-villarrreal"],"jetpack_featured_media_url":"https:\/\/zonaroja.com.mx\/wp-content\/uploads\/2021\/07\/Ildefonso-Guajardo-y-EPN.jpeg","jetpack_sharing_enabled":true,"_links":{"self":[{"href":"https:\/\/zonaroja.com.mx\/index.php?rest_route=\/wp\/v2\/posts\/29565","targetHints":{"allow":["GET"]}}],"collection":[{"href":"https:\/\/zonaroja.com.mx\/index.php?rest_route=\/wp\/v2\/posts"}],"about":[{"href":"https:\/\/zonaroja.com.mx\/index.php?rest_route=\/wp\/v2\/types\/post"}],"author":[{"embeddable":true,"href":"https:\/\/zonaroja.com.mx\/index.php?rest_route=\/wp\/v2\/users\/2"}],"replies":[{"embeddable":true,"href":"https:\/\/zonaroja.com.mx\/index.php?rest_route=%2Fwp%2Fv2%2Fcomments&post=29565"}],"version-history":[{"count":1,"href":"https:\/\/zonaroja.com.mx\/index.php?rest_route=\/wp\/v2\/posts\/29565\/revisions"}],"predecessor-version":[{"id":29567,"href":"https:\/\/zonaroja.com.mx\/index.php?rest_route=\/wp\/v2\/posts\/29565\/revisions\/29567"}],"wp:featuredmedia":[{"embeddable":true,"href":"https:\/\/zonaroja.com.mx\/index.php?rest_route=\/wp\/v2\/media\/29566"}],"wp:attachment":[{"href":"https:\/\/zonaroja.com.mx\/index.php?rest_route=%2Fwp%2Fv2%2Fmedia&parent=29565"}],"wp:term":[{"taxonomy":"category","embeddable":true,"href":"https:\/\/zonaroja.com.mx\/index.php?rest_route=%2Fwp%2Fv2%2Fcategories&post=29565"},{"taxonomy":"post_tag","embeddable":true,"href":"https:\/\/zonaroja.com.mx\/index.php?rest_route=%2Fwp%2Fv2%2Ftags&post=29565"}],"curies":[{"name":"wp","href":"https:\/\/api.w.org\/{rel}","templated":true}]}}