{"id":29568,"date":"2021-07-10T07:37:40","date_gmt":"2021-07-10T12:37:40","guid":{"rendered":"http:\/\/www.zonaroja.com.mx\/?p=29568"},"modified":"2021-07-10T07:37:42","modified_gmt":"2021-07-10T12:37:42","slug":"logra-fiscalia-vincular-a-proceso-a-guardia-nacional-acusado-de-secuestro","status":"publish","type":"post","link":"https:\/\/zonaroja.com.mx\/?p=29568","title":{"rendered":"Logra Fiscal\u00eda vincular a proceso a Guardia Nacional acusado de secuestro"},"content":{"rendered":"\n<p>Redacci\u00f3n\/Zona Roja.<\/p>\n\n\n\n<p>Oaxaca de Ju\u00e1rez, Oax., 9 de julio de 2021.- Un juez local de la causa vincul\u00f3 a proceso al elemento de la Guardia Nacional detenido en flagrancia el pasado mi\u00e9rcoles, por presuntamente participar en el secuestro de una persona, junto con otros elementos federales y por cuyos hechos muri\u00f3 un uniformado.<\/p>\n\n\n\n<p>La Fiscal\u00eda General del Estado de Oaxaca inform\u00f3 que lo anterior fue derivado de una importante acci\u00f3n llevada a cabo por personal la Unidad Especializada en el Combate al Secuestro y agentes de la Agencia Estatal de Investigaciones (AEI).<\/p>\n\n\n\n<p>En un comunicado, inform\u00f3 que tras los hechos, logr\u00f3 detener en flagrancia y llevar ante un juez a una persona por su probable responsabilidad en la comisi\u00f3n del delito de secuestro agravado, luego de privar de la libertad a una persona del sexo masculino (cuya identidad es reservada).<\/p>\n\n\n\n<p>El imputado, identificado como I. J. M., fue detenido por agentes Estatales de Investigaci\u00f3n, siendo puesto a disposici\u00f3n de la autoridad judicial correspondiente por el delito de secuestro agravado.<\/p>\n\n\n\n<p>De acuerdo con la carpeta de investigaci\u00f3n 22563\/FDAI\/UECS\/2021, el 6 de julio de 2021 (sic), la v\u00edctima fue privada de su libertad cuando se desplazaba a bordo de una unidad de motor con rumbo a Huajuapan de Le\u00f3n.<\/p>\n\n\n\n<p>Posteriormente los probables secuestradores contactaron v\u00eda telef\u00f3nica a los familiares de la v\u00edctima a quienes exigieron una fuerte suma de dinero y los papeles del veh\u00edculo a cambio de su liberaci\u00f3n.<\/p>\n\n\n\n<p>\u201cCuando el probable secuestrador intent\u00f3 cobrar el rescate, se percat\u00f3 de la presencia de elementos de la AEI, por lo que agredi\u00f3 a los agentes con disparos de arma de fuego, sin embargo, un presunto secuestrador identificado como D. G. T., fue herido y m\u00e1s tarde perdi\u00f3 la vida en un hospital.<\/p>\n\n\n\n<p>\u201cPosteriormente, elementos de la AEI detectaron la casa de seguridad en la que se encontraba la v\u00edctima, misma que fue rescatada cuando estaba bajo el resguardo del imputado identificado como I. J. M.<\/p>\n\n\n\n<p>\u201cEn audiencia, el probable secuestrador I. J. M. se acogi\u00f3 al t\u00e9rmino constitucional, mismo que fenece el 14 de julio de 2021, quedando en tanto en prisi\u00f3n preventiva provisional\u201d, detall\u00f3 la Fiscal\u00eda General.<\/p>\n","protected":false},"excerpt":{"rendered":"<p>Redacci\u00f3n\/Zona Roja. Oaxaca de Ju\u00e1rez, Oax., 9 de julio de 2021.- Un juez local de&hellip;<\/p>\n","protected":false},"author":2,"featured_media":29569,"comment_status":"closed","ping_status":"open","sticky":false,"template":"","format":"standard","meta":{"_lmt_disableupdate":"","_lmt_disable":"","_jetpack_memberships_contains_paid_content":false,"footnotes":""},"categories":[109,47],"tags":[494],"class_list":["post-29568","post","type-post","status-publish","format-standard","has-post-thumbnail","hentry","category-minuto-a-minuto","category-zona-gris","tag-fiscalia-general-del-estado-de-oaxaca"],"jetpack_featured_media_url":"https:\/\/zonaroja.com.mx\/wp-content\/uploads\/2021\/07\/Guardia-Nacional-y-AEI-Etla.jpg","jetpack_sharing_enabled":true,"_links":{"self":[{"href":"https:\/\/zonaroja.com.mx\/index.php?rest_route=\/wp\/v2\/posts\/29568","targetHints":{"allow":["GET"]}}],"collection":[{"href":"https:\/\/zonaroja.com.mx\/index.php?rest_route=\/wp\/v2\/posts"}],"about":[{"href":"https:\/\/zonaroja.com.mx\/index.php?rest_route=\/wp\/v2\/types\/post"}],"author":[{"embeddable":true,"href":"https:\/\/zonaroja.com.mx\/index.php?rest_route=\/wp\/v2\/users\/2"}],"replies":[{"embeddable":true,"href":"https:\/\/zonaroja.com.mx\/index.php?rest_route=%2Fwp%2Fv2%2Fcomments&post=29568"}],"version-history":[{"count":1,"href":"https:\/\/zonaroja.com.mx\/index.php?rest_route=\/wp\/v2\/posts\/29568\/revisions"}],"predecessor-version":[{"id":29570,"href":"https:\/\/zonaroja.com.mx\/index.php?rest_route=\/wp\/v2\/posts\/29568\/revisions\/29570"}],"wp:featuredmedia":[{"embeddable":true,"href":"https:\/\/zonaroja.com.mx\/index.php?rest_route=\/wp\/v2\/media\/29569"}],"wp:attachment":[{"href":"https:\/\/zonaroja.com.mx\/index.php?rest_route=%2Fwp%2Fv2%2Fmedia&parent=29568"}],"wp:term":[{"taxonomy":"category","embeddable":true,"href":"https:\/\/zonaroja.com.mx\/index.php?rest_route=%2Fwp%2Fv2%2Fcategories&post=29568"},{"taxonomy":"post_tag","embeddable":true,"href":"https:\/\/zonaroja.com.mx\/index.php?rest_route=%2Fwp%2Fv2%2Ftags&post=29568"}],"curies":[{"name":"wp","href":"https:\/\/api.w.org\/{rel}","templated":true}]}}