{"id":29571,"date":"2021-07-10T07:45:01","date_gmt":"2021-07-10T12:45:01","guid":{"rendered":"http:\/\/www.zonaroja.com.mx\/?p=29571"},"modified":"2021-07-10T07:45:04","modified_gmt":"2021-07-10T12:45:04","slug":"dialoga-ieepo-con-magisterio-de-la-costa-a-favor-de-la-educacion","status":"publish","type":"post","link":"https:\/\/zonaroja.com.mx\/?p=29571","title":{"rendered":"Dialoga IEEPO con magisterio de la Costa a favor de la educaci\u00f3n"},"content":{"rendered":"\n<p>Redacci\u00f3n\/Zona Roja.<\/p>\n\n\n\n<p>San Pedro Mixtepec, Oax., 10 de julio de 2021.- El acercamiento, di\u00e1logo directo y respetuoso entre el magisterio y el Instituto Estatal de Educaci\u00f3n P\u00fablica de Oaxaca (IEEPO), permite definir acuerdos en temas educativos, al ser en estos momentos una prioridad que ni\u00f1as, ni\u00f1os, adolescentes y j\u00f3venes contin\u00faen avanzando en su formaci\u00f3n acad\u00e9mica de forma segura, coincidieron maestras y maestros de la regi\u00f3n de la Costa.<\/p>\n\n\n\n<p>En segundo d\u00eda de gira de trabajo por esta zona del estado, en el marco de la Jornada Estatal para el Di\u00e1logo y Consenso en Temas Educativos, el director general, Francisco \u00c1ngel Villarreal, continu\u00f3 sus actividades en Puerto Escondido y en Santos Reyes Nopala donde sostuvo encuentros con directores y supervisores de educaci\u00f3n ind\u00edgena y representantes de escuelas particulares de San Pedro Mixtepec.<\/p>\n\n\n\n<p>Ah\u00ed, le reconocieron la apertura mostrada para la atenci\u00f3n de diferentes temas, entre ellos el posible regreso presencial a clases, ya que dentro de los puntos abordados se presentaron protocolos como la&nbsp; \u201cGu\u00eda de orientaci\u00f3n para la reapertura de escuelas ante COVID-19\u201d, que consiste en nueve intervenciones y se dio seguimiento a las necesidades y atenci\u00f3n que requiere cada comunidad escolar.<\/p>\n\n\n\n<p>\u201cLe pongo un diez porque nos retroalimenta; hay que construir las estrategias desde nuestros contextos retomando tambi\u00e9n las experiencias de otros contextos y aprender de todo ello, de las actitudes, emociones y virtudes de las comunidades\u201d, dijo en entrevista el maestro Arnulfo Ambrosio P\u00e9rez, supervisor en Santo Domingo de Morelos.<\/p>\n\n\n\n<figure class=\"wp-block-embed-twitter wp-block-embed is-type-rich is-provider-twitter\"><div class=\"wp-block-embed__wrapper\">\n<div class=\"twitter-tweet\"><blockquote class=\"twitter-tweet\" data-lang=\"es\"><p lang=\"es\" dir=\"ltr\">En segundo d\u00eda de gira de trabajo en Puerto Escondido, el DG del IEEPO, Francisco Villarreal <a href=\"https:\/\/twitter.com\/VillarrealPaco?ref_src=twsrc%5Etfw\">@VillarrealPaco<\/a> se reuni\u00f3 con representantes de 14 escuelas particulares de San Pedro Mixtepec para lograr consensos del regreso presencial a clases seguro, gradual y voluntario. <a href=\"https:\/\/t.co\/fFFww7Tj3X\">pic.twitter.com\/fFFww7Tj3X<\/a><\/p>&mdash; IEEPO (@IEEPOGobOax) <a href=\"https:\/\/twitter.com\/IEEPOGobOax\/status\/1413575156841263105?ref_src=twsrc%5Etfw\">9 de julio de 2021<\/a><\/blockquote><\/div>\n<\/div><\/figure>\n\n\n\n<p>Por su parte, el director de la escuela primaria biling\u00fce \u201c5 de Febrero\u201d, de Cerro del Aire, Nopala, Jacinto Matus Matus, coment\u00f3 que la informaci\u00f3n que se les ha brindado en los encuentros es clara y les fortalece ya que han tenido la libertad de expresar libremente sus puntos de vista. \u201cConsidero que estos di\u00e1logos abren el panorama de visi\u00f3n sobre el regreso a clases, deben ser m\u00e1s seguidos\u201d, resalt\u00f3.<\/p>\n\n\n\n<p>Tambi\u00e9n, las maestras Albina Crist\u00f3bal V\u00e1squez y Claudia Carmona Alavez, puntualizaron que ahora cuentan con mayor informaci\u00f3n y este acercamiento con la autoridad educativa les ha dado la oportunidad de dar a conocer temas pendientes en las escuelas, principalmente de las comunidades alejadas&nbsp; y recibir respuestas contundentes.<\/p>\n\n\n\n<p>La Jornada Estatal para el Di\u00e1logo y Consenso en Temas Educativos, tiene como objetivo identificar conjuntamente con los protagonistas educativos, los retos en cada regi\u00f3n para la correcta toma de decisiones ante las condiciones actuales en la entidad. Para ello se han realizado reuniones en localidades de la Mixteca, Ca\u00f1ada y Costa.<\/p>\n\n\n\n<figure class=\"wp-block-embed-twitter wp-block-embed is-type-rich is-provider-twitter\"><div class=\"wp-block-embed__wrapper\">\n<div class=\"twitter-tweet\"><blockquote class=\"twitter-tweet\" data-lang=\"es\"><p lang=\"es\" dir=\"ltr\">El DG del IEEPO, Francisco Villarreal <a href=\"https:\/\/twitter.com\/VillarrealPaco?ref_src=twsrc%5Etfw\">@VillarrealPaco<\/a> les desea un feliz receso escolar e informa que para el regreso presencial a clases de manera segura y gradual, en <a href=\"https:\/\/twitter.com\/hashtag\/Oaxaca?src=hash&amp;ref_src=twsrc%5Etfw\">#Oaxaca<\/a> se acord\u00f3 realizar una jornada de informaci\u00f3n y acuerdos en todo el territorio estatal.<br><br>Mensaje: <a href=\"https:\/\/t.co\/N6ZTD3CHXR\">pic.twitter.com\/N6ZTD3CHXR<\/a><\/p>&mdash; IEEPO (@IEEPOGobOax) <a href=\"https:\/\/twitter.com\/IEEPOGobOax\/status\/1413647411206107139?ref_src=twsrc%5Etfw\">9 de julio de 2021<\/a><\/blockquote><\/div>\n<\/div><\/figure>\n","protected":false},"excerpt":{"rendered":"<p>Redacci\u00f3n\/Zona Roja. San Pedro Mixtepec, Oax., 10 de julio de 2021.- El acercamiento, di\u00e1logo directo&hellip;<\/p>\n","protected":false},"author":2,"featured_media":29572,"comment_status":"closed","ping_status":"open","sticky":false,"template":"","format":"standard","meta":{"_lmt_disableupdate":"","_lmt_disable":"","_jetpack_memberships_contains_paid_content":false,"footnotes":""},"categories":[109,46],"tags":[599],"class_list":["post-29571","post","type-post","status-publish","format-standard","has-post-thumbnail","hentry","category-minuto-a-minuto","category-zona-blanca","tag-instituto-estatal-de-educacion-publica-de-oaxaca"],"jetpack_featured_media_url":"https:\/\/zonaroja.com.mx\/wp-content\/uploads\/2021\/07\/03-IEEPO.jpg","jetpack_sharing_enabled":true,"_links":{"self":[{"href":"https:\/\/zonaroja.com.mx\/index.php?rest_route=\/wp\/v2\/posts\/29571","targetHints":{"allow":["GET"]}}],"collection":[{"href":"https:\/\/zonaroja.com.mx\/index.php?rest_route=\/wp\/v2\/posts"}],"about":[{"href":"https:\/\/zonaroja.com.mx\/index.php?rest_route=\/wp\/v2\/types\/post"}],"author":[{"embeddable":true,"href":"https:\/\/zonaroja.com.mx\/index.php?rest_route=\/wp\/v2\/users\/2"}],"replies":[{"embeddable":true,"href":"https:\/\/zonaroja.com.mx\/index.php?rest_route=%2Fwp%2Fv2%2Fcomments&post=29571"}],"version-history":[{"count":1,"href":"https:\/\/zonaroja.com.mx\/index.php?rest_route=\/wp\/v2\/posts\/29571\/revisions"}],"predecessor-version":[{"id":29573,"href":"https:\/\/zonaroja.com.mx\/index.php?rest_route=\/wp\/v2\/posts\/29571\/revisions\/29573"}],"wp:featuredmedia":[{"embeddable":true,"href":"https:\/\/zonaroja.com.mx\/index.php?rest_route=\/wp\/v2\/media\/29572"}],"wp:attachment":[{"href":"https:\/\/zonaroja.com.mx\/index.php?rest_route=%2Fwp%2Fv2%2Fmedia&parent=29571"}],"wp:term":[{"taxonomy":"category","embeddable":true,"href":"https:\/\/zonaroja.com.mx\/index.php?rest_route=%2Fwp%2Fv2%2Fcategories&post=29571"},{"taxonomy":"post_tag","embeddable":true,"href":"https:\/\/zonaroja.com.mx\/index.php?rest_route=%2Fwp%2Fv2%2Ftags&post=29571"}],"curies":[{"name":"wp","href":"https:\/\/api.w.org\/{rel}","templated":true}]}}