{"id":29574,"date":"2021-07-10T08:01:35","date_gmt":"2021-07-10T13:01:35","guid":{"rendered":"http:\/\/www.zonaroja.com.mx\/?p=29574"},"modified":"2021-07-10T08:01:37","modified_gmt":"2021-07-10T13:01:37","slug":"hallan-cuerpo-sin-vida-en-juchitan-y-osamenta-en-jalapa","status":"publish","type":"post","link":"https:\/\/zonaroja.com.mx\/?p=29574","title":{"rendered":"Hallan cuerpo sin vida en Juchit\u00e1n y osamenta en Jalapa"},"content":{"rendered":"\n<p>Redacci\u00f3n\/Zona Roja.<\/p>\n\n\n\n<p>Oaxaca de Ju\u00e1rez, Oax., 10 de julio de 2021.- El cuerpo sin vida de una persona del sexo masculino fue hallada ayer en Juchit\u00e1n de Zaragoza, Oaxaca.<\/p>\n\n\n\n<p>Fue en el tramo carretero Juchit\u00e1n\u2013La Ventosa en que se localiz\u00f3 el cad\u00e1ver entre matorrales.<\/p>\n\n\n\n<p>Hasta anoche, la v\u00edctima se hallaba como no identificada, en tanto que la Vicefiscal\u00eda Regional del Istmo inici\u00f3 la Carpeta de Investigaci\u00f3n correspondiente.<\/p>\n\n\n\n<p>Por otra parte, anoche alrededor de las 20:00 horas, fue localizado un cr\u00e1neo humano, a un costado de la carretera federal 190, Oaxaca-Istmo, en jurisdicci\u00f3n del municipio de Jalapa del Marqu\u00e9s.<\/p>\n\n\n\n<p>Fue entre las calles Chiapas y Campeche de la colonia Benito Ju\u00e1rez en que vecinos localizaron el cr\u00e1neo, por lo que dieron aviso a las autoridades ministeriales.<\/p>\n\n\n\n<p>La Vicefiscal\u00eda Regional tambi\u00e9n inici\u00f3 las indagatorias por estos hechos y envi\u00f3 los restos humanos al Instituto de Servicios Periciales, para tratar de identificar a la v\u00edctima.<\/p>\n","protected":false},"excerpt":{"rendered":"<p>Redacci\u00f3n\/Zona Roja. Oaxaca de Ju\u00e1rez, Oax., 10 de julio de 2021.- El cuerpo sin vida&hellip;<\/p>\n","protected":false},"author":2,"featured_media":7500,"comment_status":"closed","ping_status":"open","sticky":false,"template":"","format":"standard","meta":{"_lmt_disableupdate":"","_lmt_disable":"","_jetpack_memberships_contains_paid_content":false,"footnotes":""},"categories":[109,51],"tags":[123],"class_list":["post-29574","post","type-post","status-publish","format-standard","has-post-thumbnail","hentry","category-minuto-a-minuto","category-zona-roja","tag-juchitan-de-zaragoza"],"jetpack_featured_media_url":"https:\/\/zonaroja.com.mx\/wp-content\/uploads\/2020\/01\/Escena-del-crimen5.jpg","jetpack_sharing_enabled":true,"_links":{"self":[{"href":"https:\/\/zonaroja.com.mx\/index.php?rest_route=\/wp\/v2\/posts\/29574","targetHints":{"allow":["GET"]}}],"collection":[{"href":"https:\/\/zonaroja.com.mx\/index.php?rest_route=\/wp\/v2\/posts"}],"about":[{"href":"https:\/\/zonaroja.com.mx\/index.php?rest_route=\/wp\/v2\/types\/post"}],"author":[{"embeddable":true,"href":"https:\/\/zonaroja.com.mx\/index.php?rest_route=\/wp\/v2\/users\/2"}],"replies":[{"embeddable":true,"href":"https:\/\/zonaroja.com.mx\/index.php?rest_route=%2Fwp%2Fv2%2Fcomments&post=29574"}],"version-history":[{"count":1,"href":"https:\/\/zonaroja.com.mx\/index.php?rest_route=\/wp\/v2\/posts\/29574\/revisions"}],"predecessor-version":[{"id":29575,"href":"https:\/\/zonaroja.com.mx\/index.php?rest_route=\/wp\/v2\/posts\/29574\/revisions\/29575"}],"wp:featuredmedia":[{"embeddable":true,"href":"https:\/\/zonaroja.com.mx\/index.php?rest_route=\/wp\/v2\/media\/7500"}],"wp:attachment":[{"href":"https:\/\/zonaroja.com.mx\/index.php?rest_route=%2Fwp%2Fv2%2Fmedia&parent=29574"}],"wp:term":[{"taxonomy":"category","embeddable":true,"href":"https:\/\/zonaroja.com.mx\/index.php?rest_route=%2Fwp%2Fv2%2Fcategories&post=29574"},{"taxonomy":"post_tag","embeddable":true,"href":"https:\/\/zonaroja.com.mx\/index.php?rest_route=%2Fwp%2Fv2%2Ftags&post=29574"}],"curies":[{"name":"wp","href":"https:\/\/api.w.org\/{rel}","templated":true}]}}