{"id":29578,"date":"2021-07-10T14:15:55","date_gmt":"2021-07-10T19:15:55","guid":{"rendered":"http:\/\/www.zonaroja.com.mx\/?p=29578"},"modified":"2021-07-10T14:15:59","modified_gmt":"2021-07-10T19:15:59","slug":"desde-la-cdmx-maria-elena-rios-se-suma-a-exigencia-de-agua-para-ayutla","status":"publish","type":"post","link":"https:\/\/zonaroja.com.mx\/?p=29578","title":{"rendered":"Desde la Cdmx, Mar\u00eda Elena R\u00edos se suma a exigencia de \u201cAgua para Ayutla\u201d"},"content":{"rendered":"\n<p>Evlin Arag\u00f3n\/Zona Roja.<\/p>\n\n\n\n<p>Oaxaca de Ju\u00e1rez, Oax., 10 de julio de 2021.- La saxofonista oaxaque\u00f1a, Mar\u00eda Elena R\u00edos Ortiz, protest\u00f3 las afueras de Palacio Nacional, en la Ciudad de M\u00e9xico, para unirse a la demanda de reconexi\u00f3n al manantial que dota de agua a la poblaci\u00f3n de San Pedro y San Pablo Ayutla, y con ello terminar con los cuatro a\u00f1os de ausencia del vital l\u00edquido en la comunidad.&nbsp;<\/p>\n\n\n\n<p>Mediante una carta, escrita al momento, se present\u00f3 con el mandatario federal y le inform\u00f3 sobre la lucha que encabeza, desde hace 22 meses, para acceder a la justicia, luego de haber sido v\u00edctima de un ataque con \u00e1cido que da\u00f1\u00f3 la mayor parte de su cuerpo.&nbsp;<\/p>\n\n\n\n<p>\u201cMi nombre es Mar\u00eda Elena R\u00edos Ortiz, tengo 28 a\u00f1os y el 9 de septiembre de 2019 intentaron matarme con \u00e1cido. El quinto implicado sigue libre y como usted sabe tengo una enorme batalla legal por llegar a la justicia que usted y yo deseamos para nuestros mexicanos\u201d, refiri\u00f3 ante los medios de comunicaci\u00f3n.&nbsp;<\/p>\n\n\n\n<p>La joven explic\u00f3 que cuando estuvo al borde de la muerte, cont\u00f3 con el respaldo sus paisanas y paisanos, apoyo que hasta el d\u00eda de hoy le permite levantarse cada ma\u00f1ana y buscar a su agresor, ello a pesar de que vive con miedo constante de volver a ser atacada.&nbsp;<\/p>\n\n\n\n<p>Por lo anterior y en solidaridad con quienes le brindaron su apoyo, pidi\u00f3 al mandatario federal que se mantenga vigilante para que se cumpla con la reconexi\u00f3n del manantial de Ayutla.<\/p>\n\n\n\n<figure class=\"wp-block-embed-twitter wp-block-embed is-type-rich is-provider-twitter\"><div class=\"wp-block-embed__wrapper\">\n<div class=\"twitter-tweet\"><blockquote class=\"twitter-tweet\" data-lang=\"es\"><p lang=\"es\" dir=\"ltr\"><a href=\"https:\/\/twitter.com\/hashtag\/%C3%9AltimoMinuto?src=hash&amp;ref_src=twsrc%5Etfw\">#\u00daltimoMinuto<\/a> <br>La joven Mar\u00eda Elena R\u00edos Ortiz, protest\u00f3 esta ma\u00f1ana frente al Palacio Nacional, en la ciudad de <a href=\"https:\/\/twitter.com\/hashtag\/M%C3%A9xico?src=hash&amp;ref_src=twsrc%5Etfw\">#M\u00e9xico<\/a>, en apoyo de San Pedro y San Pablo <a href=\"https:\/\/twitter.com\/hashtag\/Ayutla?src=hash&amp;ref_src=twsrc%5Etfw\">#Ayutla<\/a> Mixe, para lograr la reconexi\u00f3n de agua al manantial. <a href=\"https:\/\/t.co\/R5ge0oNMdR\">pic.twitter.com\/R5ge0oNMdR<\/a><\/p>&mdash; Zona Roja Oaxaca (@Zona_Roja_Oax) <a href=\"https:\/\/twitter.com\/Zona_Roja_Oax\/status\/1413924353662664706?ref_src=twsrc%5Etfw\">10 de julio de 2021<\/a><\/blockquote><\/div>\n<\/div><\/figure>\n\n\n\n<p>\u201cS\u00e9 que en su \u2018ma\u00f1anera\u2019 lo reiter\u00f3, pero ahora mis paisanos, adem\u00e1s de amenazarlos, les est\u00e1n obstaculizando la sentencia 795\/2017. Yo s\u00e9 que usted le tiene un gran cari\u00f1o y respeto a mi querido Oaxaca, por favor no nos deje solos en nuestras luchas\u201d, manifest\u00f3.&nbsp;<\/p>\n\n\n\n<p>Aunque reconoci\u00f3 que improvis\u00f3 la redacci\u00f3n de la carta, luego de que personal de Gobernaci\u00f3n le dijo que recibir\u00edan su mensaje para AMLO, asegur\u00f3 que se trata de una petici\u00f3n de coraz\u00f3n y confiando en la buena voluntad del mandatario federal.&nbsp;<\/p>\n\n\n\n<p>Mar\u00eda Elena acompa\u00f1\u00f3 su protesta con dos pancartas que enunciaban las siguientes consignas: \u201cPor las familias y mujeres de Ayutla a 4 a\u00f1os sin agua #AguaPara AyutlaYa\u201d, y \u201cReconexi\u00f3n inmediata al manantial. Cumplimiento de sentencia 795\/2017 #Ayutla\u201d.&nbsp;<\/p>\n\n\n\n<p>Por mandato judicial, el gobierno de Alejandro Murat tiene un plazo de tres d\u00edas h\u00e1biles, que vence el pr\u00f3ximo lunes, para hacer cumplir la sentencia 795\/2017 que establece la reconexi\u00f3n al manantial que dota de agua a la poblaci\u00f3n de San Pedro y San Pablo Ayutla, misma que fue interrumpida por la fuerza, en el 2017, por habitantes de Tamazul\u00e1pam del Esp\u00edritu Santo.&nbsp;<\/p>\n\n\n\n<p>Anoche, tanto Tamazul\u00e1pam como Ayutla emitieron un comunicado conjunto en que pidieron a las autoridades judiciales y administrativas estatales y del pa\u00eds, no inmiscuirse en sus asuntos internos.<\/p>\n","protected":false},"excerpt":{"rendered":"<p>Evlin Arag\u00f3n\/Zona Roja. Oaxaca de Ju\u00e1rez, Oax., 10 de julio de 2021.- La saxofonista oaxaque\u00f1a,&hellip;<\/p>\n","protected":false},"author":2,"featured_media":29579,"comment_status":"closed","ping_status":"open","sticky":false,"template":"","format":"standard","meta":{"_lmt_disableupdate":"","_lmt_disable":"","_jetpack_memberships_contains_paid_content":false,"footnotes":""},"categories":[109,47],"tags":[1124],"class_list":["post-29578","post","type-post","status-publish","format-standard","has-post-thumbnail","hentry","category-minuto-a-minuto","category-zona-gris","tag-maria-elena-rios-ortiz"],"jetpack_featured_media_url":"https:\/\/zonaroja.com.mx\/wp-content\/uploads\/2021\/07\/Maria-Elena-Rios-en-Cdmx.jpg","jetpack_sharing_enabled":true,"_links":{"self":[{"href":"https:\/\/zonaroja.com.mx\/index.php?rest_route=\/wp\/v2\/posts\/29578","targetHints":{"allow":["GET"]}}],"collection":[{"href":"https:\/\/zonaroja.com.mx\/index.php?rest_route=\/wp\/v2\/posts"}],"about":[{"href":"https:\/\/zonaroja.com.mx\/index.php?rest_route=\/wp\/v2\/types\/post"}],"author":[{"embeddable":true,"href":"https:\/\/zonaroja.com.mx\/index.php?rest_route=\/wp\/v2\/users\/2"}],"replies":[{"embeddable":true,"href":"https:\/\/zonaroja.com.mx\/index.php?rest_route=%2Fwp%2Fv2%2Fcomments&post=29578"}],"version-history":[{"count":1,"href":"https:\/\/zonaroja.com.mx\/index.php?rest_route=\/wp\/v2\/posts\/29578\/revisions"}],"predecessor-version":[{"id":29580,"href":"https:\/\/zonaroja.com.mx\/index.php?rest_route=\/wp\/v2\/posts\/29578\/revisions\/29580"}],"wp:featuredmedia":[{"embeddable":true,"href":"https:\/\/zonaroja.com.mx\/index.php?rest_route=\/wp\/v2\/media\/29579"}],"wp:attachment":[{"href":"https:\/\/zonaroja.com.mx\/index.php?rest_route=%2Fwp%2Fv2%2Fmedia&parent=29578"}],"wp:term":[{"taxonomy":"category","embeddable":true,"href":"https:\/\/zonaroja.com.mx\/index.php?rest_route=%2Fwp%2Fv2%2Fcategories&post=29578"},{"taxonomy":"post_tag","embeddable":true,"href":"https:\/\/zonaroja.com.mx\/index.php?rest_route=%2Fwp%2Fv2%2Ftags&post=29578"}],"curies":[{"name":"wp","href":"https:\/\/api.w.org\/{rel}","templated":true}]}}