{"id":29581,"date":"2021-07-10T14:57:17","date_gmt":"2021-07-10T19:57:17","guid":{"rendered":"http:\/\/www.zonaroja.com.mx\/?p=29581"},"modified":"2021-07-10T14:57:20","modified_gmt":"2021-07-10T19:57:20","slug":"por-contagio-de-un-docente-piden-replantear-regreso-presencial-en-la-umar","status":"publish","type":"post","link":"https:\/\/zonaroja.com.mx\/?p=29581","title":{"rendered":"Por contagio de un docente, piden replantear regreso presencial en la Umar"},"content":{"rendered":"\n<p>Evlin Arag\u00f3n\/Zona Roja.<\/p>\n\n\n\n<p>Oaxaca de Ju\u00e1rez, Oax., 10 de julio de 2021.- Docentes de la Universidad del Mar (Umar), con sede en Santa Mar\u00eda Huatulco, pidieron al rector Modesto Seara V\u00e1squez replantear el retorno a las instalaciones mediante un proceso gradual y escalonado en el que los horarios y asistencias se adec\u00faen.<\/p>\n\n\n\n<p>Lo anterior, al confirmarse que ya hay un caso positivo de Covid-19 en el campus, por lo que piden reconsiderar la intenci\u00f3n de que las actividades acad\u00e9micas a realizarse durante el verano como: cursos proped\u00e9uticos, de regularizaci\u00f3n y de preparaci\u00f3n para examen Ceneval, se realicen de manera presencial.<\/p>\n\n\n\n<p>Mediante un oficio fechado el pasado 8 de julio, la plantilla docente asegur\u00f3 que las preocupaciones planteadas desde el mes de abril, sobre la posibilidad de contagios al interior del centro escolar, se confirmaron recientemente, por lo que deber\u00edan plantearse medidas para evitar la transmisi\u00f3n del virus m\u00e1s contundentes, para evitar que los casos se multipliquen.&nbsp;<\/p>\n\n\n\n<p>\u201cLas autoridades parecen no tomar con seriedad la situaci\u00f3n. El enfoque se ha limitado a pedir la no presentaci\u00f3n de los profesores que viajaban con la persona a la que se ha detectado Covid, sin considerar que la red de relaciones entre profesores es m\u00e1s amplia\u201d, refiere el documento.&nbsp;<\/p>\n\n\n\n<p>As\u00ed mismo, dieron a conocer que el nuevo sistema de detector facial representa un riesgo para la comunidad universitaria, toda vez que el personal debe descubrirse completamente el rostro y acceder por un espacio reducido que lleva al reloj checador que comprueba su asistencia, situaci\u00f3n que plantean se debe flexibilizar.&nbsp;<\/p>\n\n\n\n<p>Por ello, reiteraron la necesidad de replantear el retorno a las instalaciones considerando un proceso gradual y escalonado, en el que los horarios y la asistencia se adecuen, de tal manera que su presencia no abarque la totalidad del personal al mismo tiempo ni los mismos d\u00edas.<\/p>\n\n\n\n<p>\u201cAhora se vuelve necesario, pues el rebrote actual de Covid est\u00e1 afectando tanto a la ciudad de Oaxaca como a una regi\u00f3n tan cercana como el Istmo de Tehuantepec\u201d, explicaron.&nbsp;<\/p>\n\n\n\n<p>Desde hace tres meses, antes de ser vacunado contra la Covid-19, el personal acad\u00e9mico recibi\u00f3 indicaciones de regresar al campus para realizar las actividades que ven\u00edan haciendo en casa desde el inicio de la pandemia en M\u00e9xico, lo que deriv\u00f3 en que emitieran un primer oficio dirigido al rector.&nbsp;<\/p>\n\n\n\n<p>En aquella ocasi\u00f3n, el personal acad\u00e9mico expuso que los factores de riesgo de contagio segu\u00edan, por lo que el regreso a las instalaciones deb\u00eda hacerse siguiendo medidas que garantizaran la salud y seguridad de todas y todos, con lo cual consiguieron retrasar el retorno a las aulas, una vez que se concluy\u00f3 la vacunaci\u00f3n docente.&nbsp;<\/p>\n","protected":false},"excerpt":{"rendered":"<p>Evlin Arag\u00f3n\/Zona Roja. Oaxaca de Ju\u00e1rez, Oax., 10 de julio de 2021.- Docentes de la&hellip;<\/p>\n","protected":false},"author":2,"featured_media":29582,"comment_status":"closed","ping_status":"open","sticky":false,"template":"","format":"standard","meta":{"_lmt_disableupdate":"","_lmt_disable":"","_jetpack_memberships_contains_paid_content":false,"footnotes":""},"categories":[109,47],"tags":[2794],"class_list":["post-29581","post","type-post","status-publish","format-standard","has-post-thumbnail","hentry","category-minuto-a-minuto","category-zona-gris","tag-universidad-del-mar-umar-huatulco"],"jetpack_featured_media_url":"https:\/\/zonaroja.com.mx\/wp-content\/uploads\/2021\/07\/Universidad-del-Mar-Huatulco.jpg","jetpack_sharing_enabled":true,"_links":{"self":[{"href":"https:\/\/zonaroja.com.mx\/index.php?rest_route=\/wp\/v2\/posts\/29581","targetHints":{"allow":["GET"]}}],"collection":[{"href":"https:\/\/zonaroja.com.mx\/index.php?rest_route=\/wp\/v2\/posts"}],"about":[{"href":"https:\/\/zonaroja.com.mx\/index.php?rest_route=\/wp\/v2\/types\/post"}],"author":[{"embeddable":true,"href":"https:\/\/zonaroja.com.mx\/index.php?rest_route=\/wp\/v2\/users\/2"}],"replies":[{"embeddable":true,"href":"https:\/\/zonaroja.com.mx\/index.php?rest_route=%2Fwp%2Fv2%2Fcomments&post=29581"}],"version-history":[{"count":1,"href":"https:\/\/zonaroja.com.mx\/index.php?rest_route=\/wp\/v2\/posts\/29581\/revisions"}],"predecessor-version":[{"id":29583,"href":"https:\/\/zonaroja.com.mx\/index.php?rest_route=\/wp\/v2\/posts\/29581\/revisions\/29583"}],"wp:featuredmedia":[{"embeddable":true,"href":"https:\/\/zonaroja.com.mx\/index.php?rest_route=\/wp\/v2\/media\/29582"}],"wp:attachment":[{"href":"https:\/\/zonaroja.com.mx\/index.php?rest_route=%2Fwp%2Fv2%2Fmedia&parent=29581"}],"wp:term":[{"taxonomy":"category","embeddable":true,"href":"https:\/\/zonaroja.com.mx\/index.php?rest_route=%2Fwp%2Fv2%2Fcategories&post=29581"},{"taxonomy":"post_tag","embeddable":true,"href":"https:\/\/zonaroja.com.mx\/index.php?rest_route=%2Fwp%2Fv2%2Ftags&post=29581"}],"curies":[{"name":"wp","href":"https:\/\/api.w.org\/{rel}","templated":true}]}}