{"id":29587,"date":"2021-07-11T07:33:55","date_gmt":"2021-07-11T12:33:55","guid":{"rendered":"http:\/\/www.zonaroja.com.mx\/?p=29587"},"modified":"2021-07-11T07:33:57","modified_gmt":"2021-07-11T12:33:57","slug":"desaparecidas-10-jovenes-en-lo-que-va-de-julio-solo-4-han-sido-localizadas","status":"publish","type":"post","link":"https:\/\/zonaroja.com.mx\/?p=29587","title":{"rendered":"Desaparecidas 10 j\u00f3venes en lo que va de julio; s\u00f3lo 4 han sido localizadas"},"content":{"rendered":"\n<p>Evlin Arag\u00f3n\/Zona Roja.<\/p>\n\n\n\n<p>Oaxaca de Ju\u00e1rez, Oax., 11 de julio de 2021.- Nada detiene la desaparici\u00f3n de mujeres en Oaxaca.<\/p>\n\n\n\n<p>En los primeros d\u00edas del mes de julio, 10 menores de edad han sido reportadas ante la Unidad de B\u00fasqueda de Personas Desaparecidas y No Localizadas (DNOL), dependiente de la Fiscal\u00eda General del Estado; cuatro de las cuales han sido localizadas y el resto mantiene activa sus fichas de b\u00fasqueda.<\/p>\n\n\n\n<p>Am\u00e9rica, de 14 a\u00f1os de edad, fue vista por \u00faltima vez el pasado 4 de julio, en la colonia La Fe, perteneciente al municipio de San Juan Bautista Tuxtepec.&nbsp;<\/p>\n\n\n\n<p>En la misma regi\u00f3n y el mismo d\u00eda, fue reportada como desaparecida Mar\u00eda Isabel, de 17 a\u00f1os, quien fue vista por \u00faltima vez en el municipio de Acatl\u00e1n de P\u00e9rez Figueroa.&nbsp;<\/p>\n\n\n\n<p>El 3 de julio, familiares de Flor Lizeth, de 17 a\u00f1os de edad, reportaron su desaparici\u00f3n, luego de ser vista por \u00faltima vez en Santiago Pinotepa Nacional.&nbsp;<\/p>\n\n\n\n<p>El mismo d\u00eda tambi\u00e9n fue reportada como desaparecida Yaquelin, de 16 a\u00f1os de edad, quien sali\u00f3 de su domicilio ubicado en la poblaci\u00f3n de San Bartolom\u00e9 Ayautla, rumbo a la papeler\u00eda y ya no regres\u00f3.&nbsp;<\/p>\n\n\n\n<p>Para la menor fue emitida la Alerta Amber por parte de las autoridades, toda vez que se considera que su integridad se encuentra en riesgo y puede ser v\u00edctima de la comisi\u00f3n de un delito.&nbsp;<\/p>\n\n\n\n<p>Mientras que el 2 de julio, fue reportada la no localizaci\u00f3n de Guadalupe, de 14 a\u00f1os de edad, quien fue vista por \u00faltima vez el municipio de Loma Bonita, en la regi\u00f3n de la Cuenca.&nbsp;<\/p>\n\n\n\n<p>As\u00ed mismo, la DNOL emiti\u00f3 la ficha de b\u00fasqueda para dar con el paradero de Fandy Saday, de 15 a\u00f1os de edad, vista por \u00faltima vez en la colonia Insurgentes del municipio de Santa Cruz Xoxocotl\u00e1n.<\/p>\n\n\n\n<p>De \u00faltima hora, ayer por la tarde familiares pidieron la ayuda de la sociedad para localizar a Felipe David Rodr\u00edguez Ju\u00e1rez, quien sali\u00f3 el9 de julio de un domicilio de la colonia Am\u00e9rica Norte de la ciudad de Oaxaca y a\u00fan no aparec\u00eda.<\/p>\n\n\n\n<p>En tanto, en los primeros d\u00edas del mes de julio tambi\u00e9n fueron reportadas como no localizada Mayte Alejandra, de dos a\u00f1os de edad; Jessica Karime, Leslie Carolina y Genesis Adriana, de 15 a\u00f1os, de quienes ya se pudo dar con su paradero.&nbsp;<\/p>\n\n\n\n<p>A los casos anteriores, pertenecientes al mes de julio, se incluye la desaparici\u00f3n de Cecilia Santiago Mart\u00ednez, de 16 a\u00f1os de edad; y las hermanas Ayarzari y Arlet Garc\u00eda Santiago, de 2 a\u00f1os y 3 meses de edad, respectivamente; quienes fueron vistas por \u00faltima vez el 23 de junio en la colonia El\u00edseo Jim\u00e9nez Ruiz, y cuya ficha de b\u00fasqueda apenas fue emitida.&nbsp;<\/p>\n","protected":false},"excerpt":{"rendered":"<p>Evlin Arag\u00f3n\/Zona Roja. Oaxaca de Ju\u00e1rez, Oax., 11 de julio de 2021.- Nada detiene la&hellip;<\/p>\n","protected":false},"author":2,"featured_media":29588,"comment_status":"closed","ping_status":"open","sticky":false,"template":"","format":"standard","meta":{"_lmt_disableupdate":"","_lmt_disable":"","_jetpack_memberships_contains_paid_content":false,"footnotes":""},"categories":[109,47],"tags":[1222],"class_list":["post-29587","post","type-post","status-publish","format-standard","has-post-thumbnail","hentry","category-minuto-a-minuto","category-zona-gris","tag-unidad-de-personas-desaparecidas-y-no-localizadas"],"jetpack_featured_media_url":"https:\/\/zonaroja.com.mx\/wp-content\/uploads\/2021\/07\/No-localizados.jpg","jetpack_sharing_enabled":true,"_links":{"self":[{"href":"https:\/\/zonaroja.com.mx\/index.php?rest_route=\/wp\/v2\/posts\/29587","targetHints":{"allow":["GET"]}}],"collection":[{"href":"https:\/\/zonaroja.com.mx\/index.php?rest_route=\/wp\/v2\/posts"}],"about":[{"href":"https:\/\/zonaroja.com.mx\/index.php?rest_route=\/wp\/v2\/types\/post"}],"author":[{"embeddable":true,"href":"https:\/\/zonaroja.com.mx\/index.php?rest_route=\/wp\/v2\/users\/2"}],"replies":[{"embeddable":true,"href":"https:\/\/zonaroja.com.mx\/index.php?rest_route=%2Fwp%2Fv2%2Fcomments&post=29587"}],"version-history":[{"count":2,"href":"https:\/\/zonaroja.com.mx\/index.php?rest_route=\/wp\/v2\/posts\/29587\/revisions"}],"predecessor-version":[{"id":29600,"href":"https:\/\/zonaroja.com.mx\/index.php?rest_route=\/wp\/v2\/posts\/29587\/revisions\/29600"}],"wp:featuredmedia":[{"embeddable":true,"href":"https:\/\/zonaroja.com.mx\/index.php?rest_route=\/wp\/v2\/media\/29588"}],"wp:attachment":[{"href":"https:\/\/zonaroja.com.mx\/index.php?rest_route=%2Fwp%2Fv2%2Fmedia&parent=29587"}],"wp:term":[{"taxonomy":"category","embeddable":true,"href":"https:\/\/zonaroja.com.mx\/index.php?rest_route=%2Fwp%2Fv2%2Fcategories&post=29587"},{"taxonomy":"post_tag","embeddable":true,"href":"https:\/\/zonaroja.com.mx\/index.php?rest_route=%2Fwp%2Fv2%2Ftags&post=29587"}],"curies":[{"name":"wp","href":"https:\/\/api.w.org\/{rel}","templated":true}]}}