{"id":2959,"date":"2019-08-09T21:23:55","date_gmt":"2019-08-10T02:23:55","guid":{"rendered":"http:\/\/www.zonaroja.com.mx\/?p=2959"},"modified":"2019-08-09T21:55:42","modified_gmt":"2019-08-10T02:55:42","slug":"periodistas-piden-destitucion-de-fiscal-de-delitos-contra-libertad-de-expresion","status":"publish","type":"post","link":"https:\/\/zonaroja.com.mx\/?p=2959","title":{"rendered":"Periodistas piden destituci\u00f3n de fiscal de Delitos contra Libertad de Expresi\u00f3n"},"content":{"rendered":"\n<p>Redacci\u00f3n\/Zona Roja Cdmx.<\/p>\n\n\n\n<p>Ciudad de M\u00e9xico., 9 de agosto de\n2019.- Por considerar que no tiene los conocimientos para atender la\nproblem\u00e1tica ni voluntad para investigar las agresiones, integrantes de la\nAsociaci\u00f3n Mexicana de Periodistas Desplazados y Agredidos (AMPDA), pidieron\nhoy la destituci\u00f3n del titular de la Fiscal\u00eda Especial para la Atenci\u00f3n de\nDelitos Cometidos contra la Libertad de Expresi\u00f3n (Feadle), Ricardo P\u00e9rez S\u00e1nchez\ndel Pozo.<\/p>\n\n\n\n<p>Durante una protesta efectuada en la\nsede de la Fiscal\u00eda General de la Rep\u00fablica (FGR), acusaron que desde inicios\nde julio pasado han exigido una audiencia con el citado funcionario, para\nconocer los avances en los casos de reporteros agredidos que ha denunciado la\nAMPDA.<\/p>\n\n\n\n<p>No obstante, la \u00fanica respuesta del\nequipo del fiscal ha sido que acudan al Ministerio P\u00fablico que lleva los\nexpedientes.<\/p>\n\n\n\n<p>Ante la negativa de la audiencia, los\nperiodistas interpusieron un amparo y le solicitaron al titular de la FGR,\nAlejandro Gertz Manero, que destituya a P\u00e9rez S\u00e1nchez del Pozo, a quien\nacusaron de tener \u201ccasos de primera y de segunda\u201d, de acuerdo con su nivel de\ncercan\u00eda con las v\u00edctimas.<\/p>\n\n\n\n<p>Acusaron diversas irregularidades entre\nellas que Gildo Garza, presidente de la AMPDA, tuvo que esperar seis meses a que\nla Feadle hiciera una visita su medio de trabajo, cuando el inmueble ya no\nexist\u00eda.<\/p>\n\n\n\n<p>El oaxaque\u00f1o Ignacio Mart\u00ednez Santiago se vio obligado a otorgar el perd\u00f3n a un presunto delincuente que lo amenaz\u00f3, pues la Fiscal\u00eda del Estado le advirti\u00f3 que ser\u00eda dif\u00edcil probar su culpabilidad.<\/p>\n\n\n\n<p>Mencionaron que en caso de no hallar\nrespuestas a sus demandas, la pr\u00f3xima semana se instalar\u00e1n en huelga de hambre\nfrente a la sede de la Fiscal\u00eda General.<\/p>\n","protected":false},"excerpt":{"rendered":"<p>Redacci\u00f3n\/Zona Roja Cdmx. Ciudad de M\u00e9xico., 9 de agosto de 2019.- Por considerar que no&hellip;<\/p>\n","protected":false},"author":2,"featured_media":2960,"comment_status":"closed","ping_status":"open","sticky":false,"template":"","format":"standard","meta":{"_lmt_disableupdate":"","_lmt_disable":"","_jetpack_memberships_contains_paid_content":false,"footnotes":""},"categories":[109,47],"tags":[522],"class_list":["post-2959","post","type-post","status-publish","format-standard","has-post-thumbnail","hentry","category-minuto-a-minuto","category-zona-gris","tag-feadle"],"jetpack_featured_media_url":"https:\/\/zonaroja.com.mx\/wp-content\/uploads\/2019\/08\/Periodistas-Feadle.jpeg","jetpack_sharing_enabled":true,"_links":{"self":[{"href":"https:\/\/zonaroja.com.mx\/index.php?rest_route=\/wp\/v2\/posts\/2959","targetHints":{"allow":["GET"]}}],"collection":[{"href":"https:\/\/zonaroja.com.mx\/index.php?rest_route=\/wp\/v2\/posts"}],"about":[{"href":"https:\/\/zonaroja.com.mx\/index.php?rest_route=\/wp\/v2\/types\/post"}],"author":[{"embeddable":true,"href":"https:\/\/zonaroja.com.mx\/index.php?rest_route=\/wp\/v2\/users\/2"}],"replies":[{"embeddable":true,"href":"https:\/\/zonaroja.com.mx\/index.php?rest_route=%2Fwp%2Fv2%2Fcomments&post=2959"}],"version-history":[{"count":2,"href":"https:\/\/zonaroja.com.mx\/index.php?rest_route=\/wp\/v2\/posts\/2959\/revisions"}],"predecessor-version":[{"id":2965,"href":"https:\/\/zonaroja.com.mx\/index.php?rest_route=\/wp\/v2\/posts\/2959\/revisions\/2965"}],"wp:featuredmedia":[{"embeddable":true,"href":"https:\/\/zonaroja.com.mx\/index.php?rest_route=\/wp\/v2\/media\/2960"}],"wp:attachment":[{"href":"https:\/\/zonaroja.com.mx\/index.php?rest_route=%2Fwp%2Fv2%2Fmedia&parent=2959"}],"wp:term":[{"taxonomy":"category","embeddable":true,"href":"https:\/\/zonaroja.com.mx\/index.php?rest_route=%2Fwp%2Fv2%2Fcategories&post=2959"},{"taxonomy":"post_tag","embeddable":true,"href":"https:\/\/zonaroja.com.mx\/index.php?rest_route=%2Fwp%2Fv2%2Ftags&post=2959"}],"curies":[{"name":"wp","href":"https:\/\/api.w.org\/{rel}","templated":true}]}}