{"id":29590,"date":"2021-07-10T20:57:22","date_gmt":"2021-07-11T01:57:22","guid":{"rendered":"http:\/\/www.zonaroja.com.mx\/?p=29590"},"modified":"2021-07-10T20:57:24","modified_gmt":"2021-07-11T01:57:24","slug":"promueve-sspo-vida-libre-de-violencia-para-ninas-adolescentes-y-mujeres","status":"publish","type":"post","link":"https:\/\/zonaroja.com.mx\/?p=29590","title":{"rendered":"Promueve SSPO vida libre de violencia para ni\u00f1as, adolescentes y mujeres"},"content":{"rendered":"\n<p>Redacci\u00f3n\/Zona Roja.<\/p>\n\n\n\n<p>Oaxaca de Ju\u00e1rez, Oax., 10 de julio de 2021.- Para garantizar el acceso de las ni\u00f1as, adolescentes y mujeres a una vida libre de violencia, el Gobierno del Estado fortalece estrategias para el pleno goce de sus derechos, a trav\u00e9s de la Secretar\u00eda de Seguridad P\u00fablica de Oaxaca (SSPO) y el Centro de Reeducaci\u00f3n para Hombres que Ejercen Violencia contra las Mujeres (CREHVM).<\/p>\n\n\n\n<p>Muestra de ello, es el \u201cPrimer Encuentro de facilitadoras y facilitadores de prevenci\u00f3n y reeducaci\u00f3n a v\u00edctimas y agresores de violencia\u201d, mismo que busca fortalecer los v\u00ednculos interinstitucionales y coadyuvar en las acciones derivadas de la Alerta de Violencia de G\u00e9nero contra las Mujeres (AVGM).<\/p>\n\n\n\n<p>Durante la inauguraci\u00f3n, el titular de la SSPO, Heliodoro D\u00edaz Esc\u00e1garra, celebr\u00f3 dicho encuentro y mencion\u00f3 que es necesario involucrar a los hombres, as\u00ed como, incluir programas que permitan modificar conductas violentas.<\/p>\n\n\n\n<p>\u201cOaxaca es uno de los estados pioneros en institucionalizar la reeducaci\u00f3n, hemos dado pasos importantes para la creaci\u00f3n y promoci\u00f3n de programas de atenci\u00f3n a hombres agresores; por ello, celebro que estemos reunidos y reunidas en este encuentro\u201d, dijo.<\/p>\n\n\n\n<p>Cabe resaltar que, en referido espacio se reflexionar\u00e1n las acciones establecidas para atender de manera integral el fen\u00f3meno de la violencia de g\u00e9nero; coadyuvando con las actividades propias del programa de Prevenci\u00f3n y Atenci\u00f3n de la Violencia Familiar, Sexual y de G\u00e9nero asignadas por el Centro Nacional de Equidad de G\u00e9nero y Salud Reproductiva.<\/p>\n\n\n\n<figure class=\"wp-block-embed-twitter wp-block-embed is-type-rich is-provider-twitter\"><div class=\"wp-block-embed__wrapper\">\n<div class=\"twitter-tweet\"><blockquote class=\"twitter-tweet\" data-lang=\"es\"><p lang=\"es\" dir=\"ltr\">Fortalecemos estrategias para el goce de los derechos de las ni\u00f1as, adolescentes y mujeres a una vida libre de violencia. <br>\ud83d\udce3Primer Encuentro de facilitadoras y facilitadores de Prevenci\u00f3n y Reeducaci\u00f3n a V\u00edctimas y Agresores de Violencia<a href=\"https:\/\/twitter.com\/GobOax?ref_src=twsrc%5Etfw\">@GobOax<\/a> <a href=\"https:\/\/twitter.com\/alejandromurat?ref_src=twsrc%5Etfw\">@alejandromurat<\/a> <a href=\"https:\/\/twitter.com\/crehvm_sspo?ref_src=twsrc%5Etfw\">@crehvm_sspo<\/a> <a href=\"https:\/\/t.co\/r9Yowd4XjA\">pic.twitter.com\/r9Yowd4XjA<\/a><\/p>&mdash; Sr\u00eda. Seg. P\u00fab. Oax. (@SSP_GobOax) <a href=\"https:\/\/twitter.com\/SSP_GobOax\/status\/1413913988447023105?ref_src=twsrc%5Etfw\">10 de julio de 2021<\/a><\/blockquote><\/div>\n<\/div><\/figure>\n\n\n\n<p>En el mismo, se cont\u00f3 con la presencia de la coordinadora Estatal del Programa de Prevenci\u00f3n y Atenci\u00f3n de la Violencia Familiar, Sexual y de G\u00e9nero, Gladys Trinidad Santiago Mart\u00ednez; del director de Prevenci\u00f3n y Promoci\u00f3n de la Salud, Jorge Concha Su\u00e1rez.<\/p>\n\n\n\n<p>Del subsecretario de Informaci\u00f3n y Desarrollo Institucional (SIDI), H\u00e9ctor Gonz\u00e1lez Hern\u00e1ndez; de la directora el CREHVM, Marusia L\u00f3pez Andrade y del director de la Polic\u00eda Auxiliar, Bancaria, Industrial y Comercial (PABIC), Jonathan Galv\u00e1n Morteo.<\/p>\n\n\n\n<p>Con este tipo de acciones, la SSPO da cumplimiento a las directrices de la administraci\u00f3n estatal de prevenir, atender, sancionar y erradicar la violencia hacia las mujeres y las ni\u00f1as de Oaxaca, garantizando el ejercicio pleno de sus derechos humanos, contribuyendo al respeto a la diversidad y equidad de g\u00e9nero.<\/p>\n","protected":false},"excerpt":{"rendered":"<p>Redacci\u00f3n\/Zona Roja. Oaxaca de Ju\u00e1rez, Oax., 10 de julio de 2021.- Para garantizar el acceso&hellip;<\/p>\n","protected":false},"author":2,"featured_media":29591,"comment_status":"closed","ping_status":"open","sticky":false,"template":"","format":"standard","meta":{"_lmt_disableupdate":"","_lmt_disable":"","_jetpack_memberships_contains_paid_content":false,"footnotes":""},"categories":[109,46],"tags":[175],"class_list":["post-29590","post","type-post","status-publish","format-standard","has-post-thumbnail","hentry","category-minuto-a-minuto","category-zona-blanca","tag-secretaria-de-seguridad-publica-de-oaxaca"],"jetpack_featured_media_url":"https:\/\/zonaroja.com.mx\/wp-content\/uploads\/2021\/07\/SSPO-04.jpeg","jetpack_sharing_enabled":true,"_links":{"self":[{"href":"https:\/\/zonaroja.com.mx\/index.php?rest_route=\/wp\/v2\/posts\/29590","targetHints":{"allow":["GET"]}}],"collection":[{"href":"https:\/\/zonaroja.com.mx\/index.php?rest_route=\/wp\/v2\/posts"}],"about":[{"href":"https:\/\/zonaroja.com.mx\/index.php?rest_route=\/wp\/v2\/types\/post"}],"author":[{"embeddable":true,"href":"https:\/\/zonaroja.com.mx\/index.php?rest_route=\/wp\/v2\/users\/2"}],"replies":[{"embeddable":true,"href":"https:\/\/zonaroja.com.mx\/index.php?rest_route=%2Fwp%2Fv2%2Fcomments&post=29590"}],"version-history":[{"count":1,"href":"https:\/\/zonaroja.com.mx\/index.php?rest_route=\/wp\/v2\/posts\/29590\/revisions"}],"predecessor-version":[{"id":29592,"href":"https:\/\/zonaroja.com.mx\/index.php?rest_route=\/wp\/v2\/posts\/29590\/revisions\/29592"}],"wp:featuredmedia":[{"embeddable":true,"href":"https:\/\/zonaroja.com.mx\/index.php?rest_route=\/wp\/v2\/media\/29591"}],"wp:attachment":[{"href":"https:\/\/zonaroja.com.mx\/index.php?rest_route=%2Fwp%2Fv2%2Fmedia&parent=29590"}],"wp:term":[{"taxonomy":"category","embeddable":true,"href":"https:\/\/zonaroja.com.mx\/index.php?rest_route=%2Fwp%2Fv2%2Fcategories&post=29590"},{"taxonomy":"post_tag","embeddable":true,"href":"https:\/\/zonaroja.com.mx\/index.php?rest_route=%2Fwp%2Fv2%2Ftags&post=29590"}],"curies":[{"name":"wp","href":"https:\/\/api.w.org\/{rel}","templated":true}]}}