{"id":29594,"date":"2021-07-10T21:27:46","date_gmt":"2021-07-11T02:27:46","guid":{"rendered":"http:\/\/www.zonaroja.com.mx\/?p=29594"},"modified":"2021-07-10T21:30:16","modified_gmt":"2021-07-11T02:30:16","slug":"en-fiesta-con-sus-familiares-ejecutan-a-individuo-en-acatlan-oaxaca","status":"publish","type":"post","link":"https:\/\/zonaroja.com.mx\/?p=29594","title":{"rendered":"En fiesta con sus familiares, ejecutan a individuo en Acatl\u00e1n, Oaxaca"},"content":{"rendered":"\n<p>Redacci\u00f3n\/Zona Roja.<\/p>\n\n\n\n<p>Oaxaca de Ju\u00e1rez, Oax., 10 de julio de 2021.- Mientras disfrutaba de una fiesta con sus familiares, un individuo fue ejecutado a balazos la tarde de este s\u00e1bado, en la localidad de El Barbasco, del municipio de Acatl\u00e1n de P\u00e9rez Figueroa, en la regi\u00f3n Cuenca de Oaxaca.<\/p>\n\n\n\n<p>El hoy occiso conviv\u00eda con sus allegados en un domicilio particular, cuando de repentes llegaron integrantes de un grupo armado, que le dispararon de manera directa, tras lo cual huyeron.<\/p>\n\n\n\n<p>El hombre qued\u00f3 tirado en el piso; param\u00e9dicos arribaron al lugar para brindar los primeros auxilios, pero corroboraron que ya hab\u00eda perdido la vida.<\/p>\n\n\n\n<p>La v\u00edctima fue identificada como Irineo Reyes Vera, de aproximadamente 33 a\u00f1os de edad, y a\u00fan se desconoce qui\u00e9n o qui\u00e9nes lo ultimaron y por qu\u00e9 motivos.<\/p>\n\n\n\n<p>La Vicefiscal\u00eda Regional de la Cuenca efectu\u00f3 esta noche el levantamiento del cuerpo y abri\u00f3 la Carpeta de Investigaci\u00f3n correspondiente.<\/p>\n","protected":false},"excerpt":{"rendered":"<p>Redacci\u00f3n\/Zona Roja. Oaxaca de Ju\u00e1rez, Oax., 10 de julio de 2021.- Mientras disfrutaba de una&hellip;<\/p>\n","protected":false},"author":2,"featured_media":29596,"comment_status":"closed","ping_status":"open","sticky":false,"template":"","format":"standard","meta":{"_lmt_disableupdate":"","_lmt_disable":"","_jetpack_memberships_contains_paid_content":false,"footnotes":""},"categories":[109,51],"tags":[187],"class_list":["post-29594","post","type-post","status-publish","format-standard","has-post-thumbnail","hentry","category-minuto-a-minuto","category-zona-roja","tag-acatlan-de-perez-figueroa"],"jetpack_featured_media_url":"https:\/\/zonaroja.com.mx\/wp-content\/uploads\/2021\/07\/Acatlan-de-Perez-Figueroa.jpg","jetpack_sharing_enabled":true,"_links":{"self":[{"href":"https:\/\/zonaroja.com.mx\/index.php?rest_route=\/wp\/v2\/posts\/29594","targetHints":{"allow":["GET"]}}],"collection":[{"href":"https:\/\/zonaroja.com.mx\/index.php?rest_route=\/wp\/v2\/posts"}],"about":[{"href":"https:\/\/zonaroja.com.mx\/index.php?rest_route=\/wp\/v2\/types\/post"}],"author":[{"embeddable":true,"href":"https:\/\/zonaroja.com.mx\/index.php?rest_route=\/wp\/v2\/users\/2"}],"replies":[{"embeddable":true,"href":"https:\/\/zonaroja.com.mx\/index.php?rest_route=%2Fwp%2Fv2%2Fcomments&post=29594"}],"version-history":[{"count":1,"href":"https:\/\/zonaroja.com.mx\/index.php?rest_route=\/wp\/v2\/posts\/29594\/revisions"}],"predecessor-version":[{"id":29595,"href":"https:\/\/zonaroja.com.mx\/index.php?rest_route=\/wp\/v2\/posts\/29594\/revisions\/29595"}],"wp:featuredmedia":[{"embeddable":true,"href":"https:\/\/zonaroja.com.mx\/index.php?rest_route=\/wp\/v2\/media\/29596"}],"wp:attachment":[{"href":"https:\/\/zonaroja.com.mx\/index.php?rest_route=%2Fwp%2Fv2%2Fmedia&parent=29594"}],"wp:term":[{"taxonomy":"category","embeddable":true,"href":"https:\/\/zonaroja.com.mx\/index.php?rest_route=%2Fwp%2Fv2%2Fcategories&post=29594"},{"taxonomy":"post_tag","embeddable":true,"href":"https:\/\/zonaroja.com.mx\/index.php?rest_route=%2Fwp%2Fv2%2Ftags&post=29594"}],"curies":[{"name":"wp","href":"https:\/\/api.w.org\/{rel}","templated":true}]}}