{"id":29597,"date":"2021-07-11T07:33:09","date_gmt":"2021-07-11T12:33:09","guid":{"rendered":"http:\/\/www.zonaroja.com.mx\/?p=29597"},"modified":"2021-07-11T07:33:11","modified_gmt":"2021-07-11T12:33:11","slug":"muere-ahogado-adolescente-de-13-anos-en-lachigolo-oaxaca","status":"publish","type":"post","link":"https:\/\/zonaroja.com.mx\/?p=29597","title":{"rendered":"Muere ahogado adolescente de 13 a\u00f1os en Lachigol\u00f3, Oaxaca"},"content":{"rendered":"\n<p>Redacci\u00f3n\/Zona Roja.<\/p>\n\n\n\n<p>Oaxaca de Ju\u00e1rez, Oax., 11 de julio de 2021.- Un menor de edad muri\u00f3 ahogado la tarde de ayer en San Francisco Lachigol\u00f3, municipio de la regi\u00f3n Valles Centrales ubicado a unos 15 kil\u00f3metros al oriente de la ciudad de Oaxaca.<\/p>\n\n\n\n<p>Los hechos ocurrieron alrededor de las 17:30 horas cuando familiares pidieron el apoyo de corporaciones de auxilio, pues un grupo de menores hab\u00eda acudido a nadar a la peque\u00f1a presa en el paraje \u201cGuyohac\u201d, cerca de la v\u00eda federal 190, y uno se hab\u00eda ahogado.<\/p>\n\n\n\n<p>Personal param\u00e9dico de Santa Mar\u00eda El Tule y polic\u00edas municipales acudieron al sitio y lograron rescatar pero sin vida al adolescente Yandel O. M., de 13 a\u00f1os de edad, vecino de Lachigol\u00f3.<\/p>\n\n\n\n<p>Personal de la Agencia Estatal de Investigaciones arrib\u00f3 posteriormente al sitio, para tomar conocimiento de los hechos e iniciar las indagatorias para deslindar responsabilidades.<\/p>\n","protected":false},"excerpt":{"rendered":"<p>Redacci\u00f3n\/Zona Roja. Oaxaca de Ju\u00e1rez, Oax., 11 de julio de 2021.- Un menor de edad&hellip;<\/p>\n","protected":false},"author":2,"featured_media":29598,"comment_status":"closed","ping_status":"open","sticky":false,"template":"","format":"standard","meta":{"_lmt_disableupdate":"","_lmt_disable":"","_jetpack_memberships_contains_paid_content":false,"footnotes":""},"categories":[109,51],"tags":[2505],"class_list":["post-29597","post","type-post","status-publish","format-standard","has-post-thumbnail","hentry","category-minuto-a-minuto","category-zona-roja","tag-san-francisco-lachigolo"],"jetpack_featured_media_url":"https:\/\/zonaroja.com.mx\/wp-content\/uploads\/2021\/07\/Menor-ahogado-Lachigolo.jpg","jetpack_sharing_enabled":true,"_links":{"self":[{"href":"https:\/\/zonaroja.com.mx\/index.php?rest_route=\/wp\/v2\/posts\/29597","targetHints":{"allow":["GET"]}}],"collection":[{"href":"https:\/\/zonaroja.com.mx\/index.php?rest_route=\/wp\/v2\/posts"}],"about":[{"href":"https:\/\/zonaroja.com.mx\/index.php?rest_route=\/wp\/v2\/types\/post"}],"author":[{"embeddable":true,"href":"https:\/\/zonaroja.com.mx\/index.php?rest_route=\/wp\/v2\/users\/2"}],"replies":[{"embeddable":true,"href":"https:\/\/zonaroja.com.mx\/index.php?rest_route=%2Fwp%2Fv2%2Fcomments&post=29597"}],"version-history":[{"count":1,"href":"https:\/\/zonaroja.com.mx\/index.php?rest_route=\/wp\/v2\/posts\/29597\/revisions"}],"predecessor-version":[{"id":29599,"href":"https:\/\/zonaroja.com.mx\/index.php?rest_route=\/wp\/v2\/posts\/29597\/revisions\/29599"}],"wp:featuredmedia":[{"embeddable":true,"href":"https:\/\/zonaroja.com.mx\/index.php?rest_route=\/wp\/v2\/media\/29598"}],"wp:attachment":[{"href":"https:\/\/zonaroja.com.mx\/index.php?rest_route=%2Fwp%2Fv2%2Fmedia&parent=29597"}],"wp:term":[{"taxonomy":"category","embeddable":true,"href":"https:\/\/zonaroja.com.mx\/index.php?rest_route=%2Fwp%2Fv2%2Fcategories&post=29597"},{"taxonomy":"post_tag","embeddable":true,"href":"https:\/\/zonaroja.com.mx\/index.php?rest_route=%2Fwp%2Fv2%2Ftags&post=29597"}],"curies":[{"name":"wp","href":"https:\/\/api.w.org\/{rel}","templated":true}]}}