{"id":29603,"date":"2021-07-11T12:21:44","date_gmt":"2021-07-11T17:21:44","guid":{"rendered":"https:\/\/www.zonaroja.com.mx\/?p=29603"},"modified":"2021-07-11T12:21:47","modified_gmt":"2021-07-11T17:21:47","slug":"registra-oaxaca-tres-crimenes-en-menos-de-24-horas","status":"publish","type":"post","link":"https:\/\/zonaroja.com.mx\/?p=29603","title":{"rendered":"Registra Oaxaca tres cr\u00edmenes en menos de 24 horas."},"content":{"rendered":"\n<p>Ismael Garc\u00eda M.\/Zona Roja. <\/p>\n\n\n\n<p>Oaxaca de Ju\u00e1rez, Oax., 11 de julio de 2021.- Tres personas han sido asesinadas a balazos en menos de 24 horas en el estado de Oaxaca, en la regiones Cuenca, Istmo de Tehuantepec y Valles Centrales.<\/p>\n\n\n\n<p>El m\u00e1s reciente crimen se perpetr\u00f3 la madrugada de este domingo en el municipio de Juchit\u00e1n de Zaragoza. <\/p>\n\n\n\n<p>El cuerpo de un individuo fue localizado atado de manos y con un disparo en la cabeza, en el callej\u00f3n Santa Martha de la S\u00e9ptima Secci\u00f3n. <\/p>\n\n\n\n<p>El hoy occiso se encuentra a\u00fan en calidad de desconocido. <\/p>\n\n\n\n<p>En tanto que en San Francisco Lachigol\u00f3, Tlacolula, ayer por la tarde una persona de la tercera edad fue agredida por disparos de arma de fuego.<\/p>\n\n\n\n<p>Los hechos ocurrieron en la privada de Camino Nacional con el camino a la localidad de G\u00fcendulain, en el acceso a Lachigol\u00f3.<\/p>\n\n\n\n<p>La v\u00edctima fue trasladado a un hospital donde posteriormente perdi\u00f3 la vida; fue identificada de manera preliminar, como Octavio C., de 62 a\u00f1os de edad.<\/p>\n\n\n\n<p>Y como se inform\u00f3, ayer por la tarde en la localidad de Barbasco, del municipio de Acatl\u00e1n de P\u00e9rez Figueroa, un individuo fue asesinado a balazos en el interior de su domicilio, mientras participaba de una fiesta.<\/p>\n\n\n\n<p>La v\u00edctima fue identificada como Irineo Reyes Vera, de 33 a\u00f1os de edad; en ninguno de los tres casos hasta el momento hay personas detenidas. <\/p>\n","protected":false},"excerpt":{"rendered":"<p>Ismael Garc\u00eda M.\/Zona Roja. Oaxaca de Ju\u00e1rez, Oax., 11 de julio de 2021.- Tres personas&hellip;<\/p>\n","protected":false},"author":2,"featured_media":7486,"comment_status":"closed","ping_status":"open","sticky":false,"template":"","format":"standard","meta":{"_lmt_disableupdate":"","_lmt_disable":"","_jetpack_memberships_contains_paid_content":false,"footnotes":""},"categories":[1,51],"tags":[123],"class_list":["post-29603","post","type-post","status-publish","format-standard","has-post-thumbnail","hentry","category-sin-categoria","category-zona-roja","tag-juchitan-de-zaragoza"],"jetpack_featured_media_url":"https:\/\/zonaroja.com.mx\/wp-content\/uploads\/2020\/01\/Escena-del-crimen7.jpg","jetpack_sharing_enabled":true,"_links":{"self":[{"href":"https:\/\/zonaroja.com.mx\/index.php?rest_route=\/wp\/v2\/posts\/29603","targetHints":{"allow":["GET"]}}],"collection":[{"href":"https:\/\/zonaroja.com.mx\/index.php?rest_route=\/wp\/v2\/posts"}],"about":[{"href":"https:\/\/zonaroja.com.mx\/index.php?rest_route=\/wp\/v2\/types\/post"}],"author":[{"embeddable":true,"href":"https:\/\/zonaroja.com.mx\/index.php?rest_route=\/wp\/v2\/users\/2"}],"replies":[{"embeddable":true,"href":"https:\/\/zonaroja.com.mx\/index.php?rest_route=%2Fwp%2Fv2%2Fcomments&post=29603"}],"version-history":[{"count":1,"href":"https:\/\/zonaroja.com.mx\/index.php?rest_route=\/wp\/v2\/posts\/29603\/revisions"}],"predecessor-version":[{"id":29604,"href":"https:\/\/zonaroja.com.mx\/index.php?rest_route=\/wp\/v2\/posts\/29603\/revisions\/29604"}],"wp:featuredmedia":[{"embeddable":true,"href":"https:\/\/zonaroja.com.mx\/index.php?rest_route=\/wp\/v2\/media\/7486"}],"wp:attachment":[{"href":"https:\/\/zonaroja.com.mx\/index.php?rest_route=%2Fwp%2Fv2%2Fmedia&parent=29603"}],"wp:term":[{"taxonomy":"category","embeddable":true,"href":"https:\/\/zonaroja.com.mx\/index.php?rest_route=%2Fwp%2Fv2%2Fcategories&post=29603"},{"taxonomy":"post_tag","embeddable":true,"href":"https:\/\/zonaroja.com.mx\/index.php?rest_route=%2Fwp%2Fv2%2Ftags&post=29603"}],"curies":[{"name":"wp","href":"https:\/\/api.w.org\/{rel}","templated":true}]}}