{"id":29606,"date":"2021-07-11T14:23:16","date_gmt":"2021-07-11T19:23:16","guid":{"rendered":"http:\/\/www.zonaroja.com.mx\/?p=29606"},"modified":"2021-07-11T14:23:18","modified_gmt":"2021-07-11T19:23:18","slug":"multitudinaria-e-inedita-protesta-en-pequeno-pueblo-de-cuba","status":"publish","type":"post","link":"https:\/\/zonaroja.com.mx\/?p=29606","title":{"rendered":"Multitudinaria e in\u00e9dita protesta en peque\u00f1o pueblo de Cuba"},"content":{"rendered":"\n<p>Redacci\u00f3n\/Zona Roja Cdmx.<\/p>\n\n\n\n<p>Ciudad de M\u00e9xico, 11 de julio de 2021.- Miles de cubanos marcharon este domingo por las calles del peque\u00f1o poblado de San Antonio de los Ba\u00f1os, al suroeste de La Habana, en una in\u00e9dita protesta contra el gobierno, seg\u00fan videos de aficionados colgados en internet.<\/p>\n\n\n\n<p>Gritando especialmente \u00abPatria y Vida\u00bb, el t\u00edtulo de una pol\u00e9mica canci\u00f3n, pero tambi\u00e9n \u00ab\u00a1Abajo la dictadura!\u00bb y \u00abNo tenemos miedo\u00bb, los manifestantes, la mayor\u00eda j\u00f3venes, marcharon por el pueblo, ubicado 33 km al suroeste de la capital, seg\u00fan las im\u00e1genes.<\/p>\n\n\n\n<p>\u00ab!Ay, Dios m\u00edo!\u201d, se escucha decir a una mujer en momentos en que la marcha pasa frente a ella gritando a viva voz \u00abQueremos Libertad\u00bb y profiriendo insultos al presidente Miguel D\u00edaz-Canel.<\/p>\n\n\n\n<p>San Antonio de los Ba\u00f1os es un peque\u00f1o pueblo rural de la provincia de Artemisa, vecina de La Habana. Tiene unos 50.000 habitantes<\/p>\n\n\n\n<p>Desde que comenz\u00f3 la pandemia del coronavirus en marzo de 2020, los cubanos est\u00e1n obligados a hacer largas filas para abastecerse de alimentos, situaci\u00f3n a la que se ha sumado una fuerte escasez de medicamentos, lo que ha generado un amplio malestar social.<\/p>\n\n\n\n<p>La protesta se produce en una jornada en la que Cuba registr\u00f3 otra cifra r\u00e9cord de contagios de covid-19 en 24 horas, con 6.923, para un total de 238.491, y de fallecidos, con 47 (1.537).<\/p>\n\n\n\n<p>\u00abSon cifras alarmantes, que se incrementan por d\u00eda\u00bb, dijo este domingo el jefe de Epidemiolog\u00eda del Ministerio de Salud, Francisco Dur\u00e1n, en su habitual conferencia de prensa en televisi\u00f3n.<\/p>\n\n\n\n<p>La situaci\u00f3n es especialmente tensa en la provincia tur\u00edstica de Matanzas, ubicada 100 km al este de La Habana, donde el alto n\u00famero de contagios puede hacer colapsar los servicios de salud.<\/p>\n\n\n\n<p>Bajo las etiquetas #SOSCuba\u00bb, #SOSMatanzas\u00bb o #SalvemosCuba\u00bb, entre otras, se multiplican en las redes sociales los llamados de socorro, pero tambi\u00e9n los reclamos al gobierno para que facilite el env\u00edo de donativos desde el exterior.<\/p>\n\n\n\n<p>\u00ab\u00a1Mundo Cuba necesita de tu ayuda!\u00bb, clam\u00f3 en Twitter el famoso d\u00fao Gente de Zona, integrado por los reguetoneros Randy Malcom y Alexander Delgado.<\/p>\n\n\n\n<p>El llamado de \u00abSOS Cuba\u00bb de Gente de Zona fue compartido en esa red social por otros reconocidos artistas de la regi\u00f3n como Daddy Yankee, Becky G, Natti Natasha, y el cantante Ren\u00e9 P\u00e9rez (Residente de Calle 13), entre otros.<\/p>\n\n\n\n<p>El s\u00e1bado, un grupo opositor pidi\u00f3 establecer \u00abun corredor humanitario\u00bb, iniciativa que el gobierno descart\u00f3.<\/p>\n\n\n\n<p>\u00abLos conceptos ligados a corredor humanitario y ayuda humanitaria est\u00e1n asociados a zonas en conflicto y no aplican a Cuba\u00bb, afirm\u00f3 el s\u00e1bado en conferencia de prensa el director de Asuntos Consulares y Atenci\u00f3n a Cubanos Residentes en el Exterior de la canciller\u00eda cubana, Ernesto Sober\u00f3n.<\/p>\n\n\n\n<p>Sober\u00f3n tambi\u00e9n denunci\u00f3 \u00abuna campa\u00f1a\u00bb que busca \u00abpresentar una imagen de caos total en el pa\u00eds que no se corresponde con la situaci\u00f3n actual\u00bb.<\/p>\n\n\n\n<p>No obstante, el funcionario anunci\u00f3 que el gobierno habilitar\u00e1 el lunes una cuenta de correo para agilizar los donativos desde el exterior.<\/p>\n\n\n\n<p>(Informaci\u00f3n de Infobae)<\/p>\n","protected":false},"excerpt":{"rendered":"<p>Redacci\u00f3n\/Zona Roja Cdmx. Ciudad de M\u00e9xico, 11 de julio de 2021.- Miles de cubanos marcharon&hellip;<\/p>\n","protected":false},"author":2,"featured_media":29608,"comment_status":"closed","ping_status":"open","sticky":false,"template":"","format":"standard","meta":{"_lmt_disableupdate":"","_lmt_disable":"","_jetpack_memberships_contains_paid_content":false,"footnotes":""},"categories":[109,47],"tags":[2795],"class_list":["post-29606","post","type-post","status-publish","format-standard","has-post-thumbnail","hentry","category-minuto-a-minuto","category-zona-gris","tag-san-antonio-de-los-banos-cuba"],"jetpack_featured_media_url":"https:\/\/zonaroja.com.mx\/wp-content\/uploads\/2021\/07\/San-Antonio-de-los-Banos-Cuba.jpg","jetpack_sharing_enabled":true,"_links":{"self":[{"href":"https:\/\/zonaroja.com.mx\/index.php?rest_route=\/wp\/v2\/posts\/29606","targetHints":{"allow":["GET"]}}],"collection":[{"href":"https:\/\/zonaroja.com.mx\/index.php?rest_route=\/wp\/v2\/posts"}],"about":[{"href":"https:\/\/zonaroja.com.mx\/index.php?rest_route=\/wp\/v2\/types\/post"}],"author":[{"embeddable":true,"href":"https:\/\/zonaroja.com.mx\/index.php?rest_route=\/wp\/v2\/users\/2"}],"replies":[{"embeddable":true,"href":"https:\/\/zonaroja.com.mx\/index.php?rest_route=%2Fwp%2Fv2%2Fcomments&post=29606"}],"version-history":[{"count":1,"href":"https:\/\/zonaroja.com.mx\/index.php?rest_route=\/wp\/v2\/posts\/29606\/revisions"}],"predecessor-version":[{"id":29609,"href":"https:\/\/zonaroja.com.mx\/index.php?rest_route=\/wp\/v2\/posts\/29606\/revisions\/29609"}],"wp:featuredmedia":[{"embeddable":true,"href":"https:\/\/zonaroja.com.mx\/index.php?rest_route=\/wp\/v2\/media\/29608"}],"wp:attachment":[{"href":"https:\/\/zonaroja.com.mx\/index.php?rest_route=%2Fwp%2Fv2%2Fmedia&parent=29606"}],"wp:term":[{"taxonomy":"category","embeddable":true,"href":"https:\/\/zonaroja.com.mx\/index.php?rest_route=%2Fwp%2Fv2%2Fcategories&post=29606"},{"taxonomy":"post_tag","embeddable":true,"href":"https:\/\/zonaroja.com.mx\/index.php?rest_route=%2Fwp%2Fv2%2Ftags&post=29606"}],"curies":[{"name":"wp","href":"https:\/\/api.w.org\/{rel}","templated":true}]}}