{"id":29610,"date":"2021-07-11T14:31:16","date_gmt":"2021-07-11T19:31:16","guid":{"rendered":"http:\/\/www.zonaroja.com.mx\/?p=29610"},"modified":"2021-07-11T17:30:59","modified_gmt":"2021-07-11T22:30:59","slug":"en-oaxaca-certamenes-y-concursos-de-belleza-ya-son-considerados-violencia-simbolica","status":"publish","type":"post","link":"https:\/\/zonaroja.com.mx\/?p=29610","title":{"rendered":"En Oaxaca, cert\u00e1menes y concursos de belleza ya son considerados violencia simb\u00f3lica"},"content":{"rendered":"\n<p>Redacci\u00f3n\/Zona Roja.<\/p>\n\n\n\n<p>Oaxaca de Ju\u00e1rez, Oax. 11 de julio de 2021.- El Congreso del Estado de Oaxaca aprob\u00f3 que los cert\u00e1menes de belleza y concursos que promuevan estereotipos sexistas o discriminen las caracter\u00edsticas f\u00edsicas, sean considerados violencia simb\u00f3lica.<\/p>\n\n\n\n<p>Al adicionar el Art\u00edculo 18\u00b0 Bis de Ley Estatal de Acceso de las Mujeres a una Vida Libre de Violencia de G\u00e9nero, tambi\u00e9n qued\u00f3 establecida la prohibici\u00f3n del uso de recurso p\u00fablico en este tipo de actos donde se eval\u00faen las caracter\u00edsticas f\u00edsicas de ni\u00f1as, adolescentes y mujeres.<\/p>\n\n\n\n<p>Esta actualizaci\u00f3n jur\u00eddica, tambi\u00e9n impide que las instituciones gubernamentales consideren estos eventos como campa\u00f1as de promoci\u00f3n tur\u00edstica o publicidad oficial.<\/p>\n\n\n\n<p>La ley antes mencionada proh\u00edbe a los municipios, dependencias estatales, as\u00ed como los \u00f3rganos aut\u00f3nomos, destinar publicidad oficial o subsidios para la promoci\u00f3n de estas actividades.<\/p>\n\n\n\n<p>La reforma fue impulsada por la diputada Magaly L\u00f3pez Dom\u00ednguez, integrante del Grupo Parlamentario de Morena, y dictaminada por la Comisi\u00f3n Permanente de Igualdad de G\u00e9nero de la LXIV Legislatura de Oaxaca.<\/p>\n","protected":false},"excerpt":{"rendered":"<p>Redacci\u00f3n\/Zona Roja. Oaxaca de Ju\u00e1rez, Oax. 11 de julio de 2021.- El Congreso del Estado&hellip;<\/p>\n","protected":false},"author":2,"featured_media":29607,"comment_status":"closed","ping_status":"open","sticky":false,"template":"","format":"standard","meta":{"_lmt_disableupdate":"","_lmt_disable":"","_jetpack_memberships_contains_paid_content":false,"footnotes":""},"categories":[109,46],"tags":[192],"class_list":["post-29610","post","type-post","status-publish","format-standard","has-post-thumbnail","hentry","category-minuto-a-minuto","category-zona-blanca","tag-diputada-magaly-lopez-dominguez"],"jetpack_featured_media_url":"https:\/\/zonaroja.com.mx\/wp-content\/uploads\/2021\/07\/Diputada-Magaly-Lopez-Dominguez.jpg","jetpack_sharing_enabled":true,"_links":{"self":[{"href":"https:\/\/zonaroja.com.mx\/index.php?rest_route=\/wp\/v2\/posts\/29610","targetHints":{"allow":["GET"]}}],"collection":[{"href":"https:\/\/zonaroja.com.mx\/index.php?rest_route=\/wp\/v2\/posts"}],"about":[{"href":"https:\/\/zonaroja.com.mx\/index.php?rest_route=\/wp\/v2\/types\/post"}],"author":[{"embeddable":true,"href":"https:\/\/zonaroja.com.mx\/index.php?rest_route=\/wp\/v2\/users\/2"}],"replies":[{"embeddable":true,"href":"https:\/\/zonaroja.com.mx\/index.php?rest_route=%2Fwp%2Fv2%2Fcomments&post=29610"}],"version-history":[{"count":2,"href":"https:\/\/zonaroja.com.mx\/index.php?rest_route=\/wp\/v2\/posts\/29610\/revisions"}],"predecessor-version":[{"id":29613,"href":"https:\/\/zonaroja.com.mx\/index.php?rest_route=\/wp\/v2\/posts\/29610\/revisions\/29613"}],"wp:featuredmedia":[{"embeddable":true,"href":"https:\/\/zonaroja.com.mx\/index.php?rest_route=\/wp\/v2\/media\/29607"}],"wp:attachment":[{"href":"https:\/\/zonaroja.com.mx\/index.php?rest_route=%2Fwp%2Fv2%2Fmedia&parent=29610"}],"wp:term":[{"taxonomy":"category","embeddable":true,"href":"https:\/\/zonaroja.com.mx\/index.php?rest_route=%2Fwp%2Fv2%2Fcategories&post=29610"},{"taxonomy":"post_tag","embeddable":true,"href":"https:\/\/zonaroja.com.mx\/index.php?rest_route=%2Fwp%2Fv2%2Ftags&post=29610"}],"curies":[{"name":"wp","href":"https:\/\/api.w.org\/{rel}","templated":true}]}}