{"id":29614,"date":"2021-07-11T17:34:25","date_gmt":"2021-07-11T22:34:25","guid":{"rendered":"http:\/\/www.zonaroja.com.mx\/?p=29614"},"modified":"2021-07-11T17:34:27","modified_gmt":"2021-07-11T22:34:27","slug":"diputada-del-pvem-defiende-al-transporte-pirata-en-oaxaca","status":"publish","type":"post","link":"https:\/\/zonaroja.com.mx\/?p=29614","title":{"rendered":"Diputada del PVEM defiende al transporte \u201cpirata\u201d en Oaxaca"},"content":{"rendered":"\n<p>Ismael Garc\u00eda M.\/Zona Roja.<\/p>\n\n\n\n<p>Oaxaca de Ju\u00e1rez, Oax., 11 de julio de 2021.- La concesionaria del transporte p\u00fablico y diputada plurinominal por el PVEM, Aurora L\u00f3pez Acevedo, critic\u00f3 al gobierno de Alejandro Murat por la detenci\u00f3n de unidades irregulares.<\/p>\n\n\n\n<p>\u201cEn esta ma\u00f1ana (ayer) en el Istmo de Tehuantepec empiezan a detener unidades con diversas razones, pero sin ninguna l\u00f3gica, directamente dirigidas por Mario Alberto Guzm\u00e1n, a quien tambi\u00e9n se\u00f1alo de la detenci\u00f3n de dos unidades de una servidora\u201d, dijo a trav\u00e9s de un video difundido por redes sociales.<\/p>\n\n\n\n<p>Sin embargo, omiti\u00f3 decir que son unidades \u201cpirata\u201d, sin documentos en regla y que adem\u00e1s violaron disposiciones viales.<\/p>\n\n\n\n<p>L\u00f3pez Acevedo fue la primera titular de la Coordinaci\u00f3n de Transporte (Cotran), en el sexenio 1998-2004 y tras lo cual fue acusada, junto con otro funcionario, de vender concesiones ,y por lo cual fue aprehesada y llevada a prisi\u00f3n.<\/p>\n\n\n\n<p>Es adem\u00e1s socia de las empresas Choferes del Sur, con la mayor cantidad de camiones urbanos viejos y contaminantes, as\u00ed como de Tucdosa.<\/p>\n\n\n\n<p>\u201cHoy vuelve a acontecer la detenci\u00f3n de unidades sin una justificaci\u00f3n real, aun a pesar de hacer el comentario al secretario de Movilidad, que en plena pandemia se privilegie una recaudaci\u00f3n\u201d, dijo la diputada local en la actual 64 Legislatura.<\/p>\n\n\n\n<p>Justific\u00f3 que debido a la pandemia por Covid-19, el sector transporte ha tenido una ca\u00edda en sus ingresos del 70 por ciento, mientras que se registra un incremento de m\u00e1s del 90 por ciento de los insumos, entre ellos el di\u00e9sel y las llantas.<\/p>\n\n\n\n<p>La presidenta de la Comisi\u00f3n de Movilidad del Congreso local critic\u00f3 a la Secretar\u00eda de Movilidad en el gobierno de Alejandro Murat, pese a que las unidades bajo su responsabilidad son las que m\u00e1s contaminan, principalmente en la capital y su zona metropolitana.<\/p>\n\n\n\n<p>Cabe recordar que L\u00f3pez Acevedo compiti\u00f3 en el pasado proceso electoral por las siglas del PVEM para la diputaci\u00f3n local, contienda que perdi\u00f3 e incluso fue objeto de mofas, al salir en un video en una moto Harley Davidson con un valor de m\u00e1s de 15 mil d\u00f3lares, con la frase: \u201cA darle que es mole de olla\u201d. \u201cSi la idea es detener, si la idea es coaccionar, si la intenci\u00f3n es desalentar porque estamos levantando la voz, la vamos a seguir alzando\u201d, amenaz\u00f3 la legisladora.<\/p>\n","protected":false},"excerpt":{"rendered":"<p>Ismael Garc\u00eda M.\/Zona Roja. Oaxaca de Ju\u00e1rez, Oax., 11 de julio de 2021.- La concesionaria&hellip;<\/p>\n","protected":false},"author":2,"featured_media":29615,"comment_status":"closed","ping_status":"open","sticky":false,"template":"","format":"standard","meta":{"_lmt_disableupdate":"","_lmt_disable":"","_jetpack_memberships_contains_paid_content":false,"footnotes":""},"categories":[109,47],"tags":[2796],"class_list":["post-29614","post","type-post","status-publish","format-standard","has-post-thumbnail","hentry","category-minuto-a-minuto","category-zona-gris","tag-aurora-lopez-acevedo"],"jetpack_featured_media_url":"https:\/\/zonaroja.com.mx\/wp-content\/uploads\/2021\/07\/Aurora-Lopez-Acevedo.jpg","jetpack_sharing_enabled":true,"_links":{"self":[{"href":"https:\/\/zonaroja.com.mx\/index.php?rest_route=\/wp\/v2\/posts\/29614","targetHints":{"allow":["GET"]}}],"collection":[{"href":"https:\/\/zonaroja.com.mx\/index.php?rest_route=\/wp\/v2\/posts"}],"about":[{"href":"https:\/\/zonaroja.com.mx\/index.php?rest_route=\/wp\/v2\/types\/post"}],"author":[{"embeddable":true,"href":"https:\/\/zonaroja.com.mx\/index.php?rest_route=\/wp\/v2\/users\/2"}],"replies":[{"embeddable":true,"href":"https:\/\/zonaroja.com.mx\/index.php?rest_route=%2Fwp%2Fv2%2Fcomments&post=29614"}],"version-history":[{"count":1,"href":"https:\/\/zonaroja.com.mx\/index.php?rest_route=\/wp\/v2\/posts\/29614\/revisions"}],"predecessor-version":[{"id":29616,"href":"https:\/\/zonaroja.com.mx\/index.php?rest_route=\/wp\/v2\/posts\/29614\/revisions\/29616"}],"wp:featuredmedia":[{"embeddable":true,"href":"https:\/\/zonaroja.com.mx\/index.php?rest_route=\/wp\/v2\/media\/29615"}],"wp:attachment":[{"href":"https:\/\/zonaroja.com.mx\/index.php?rest_route=%2Fwp%2Fv2%2Fmedia&parent=29614"}],"wp:term":[{"taxonomy":"category","embeddable":true,"href":"https:\/\/zonaroja.com.mx\/index.php?rest_route=%2Fwp%2Fv2%2Fcategories&post=29614"},{"taxonomy":"post_tag","embeddable":true,"href":"https:\/\/zonaroja.com.mx\/index.php?rest_route=%2Fwp%2Fv2%2Ftags&post=29614"}],"curies":[{"name":"wp","href":"https:\/\/api.w.org\/{rel}","templated":true}]}}