{"id":29621,"date":"2021-07-11T20:36:28","date_gmt":"2021-07-12T01:36:28","guid":{"rendered":"http:\/\/www.zonaroja.com.mx\/?p=29621"},"modified":"2021-07-11T20:36:30","modified_gmt":"2021-07-12T01:36:30","slug":"registro-oaxaca-un-promedio-de-121-casos-positivos-diarios-alarma-en-la-costa","status":"publish","type":"post","link":"https:\/\/zonaroja.com.mx\/?p=29621","title":{"rendered":"Registr\u00f3 Oaxaca un promedio de 121 casos positivos diarios; alarma en la Costa"},"content":{"rendered":"\n<p>Ismael Garc\u00eda M.\/Redacci\u00f3n\/Zona Roja.<\/p>\n\n\n\n<p>Oaxaca de Ju\u00e1rez, Oax. 11 de julio de 2021.- Un promedio diario de 121 casos de Covid-19 registr\u00f3 Oaxaca en la \u00faltima semana.<\/p>\n\n\n\n<p>En tanto, municipios de la regi\u00f3n Costa lanzaron alertas por el crecimiento de casos positivos y decesos, por lo que al menos tres municipios endurecieron medidas hoy.<\/p>\n\n\n\n<p>De acuerdo con los Servicios de Salud de Oaxaca (SSO), durante la semana del 4 al 10 de julio, la entidad registr\u00f3 un acumulado de 49 mil 769 casos confirmados de Covid-19, observando un aumento con respecto a la semana anterior, pasando de 558 a 852 casos reportados en el periodo mencionado.<\/p>\n\n\n\n<p>En el mismo lapso, seg\u00fan las cifras oficiales, ocurrieron 13 fallecimientos a causa del virus.<\/p>\n\n\n\n<p>En un comunicado, la dependencia notific\u00f3 un aumento del 5.6% en el n\u00famero de hospitalizados, en comparaci\u00f3n con la semana anterior, por lo que la ocupaci\u00f3n promedio fue de 28.3%.<\/p>\n\n\n\n<p>Asever\u00f3 que esta semana se contabilizaron 13 desafortunados decesos a causa de la enfermedad; casi cuatro mil personas han fallecido por esta causa en Oaxaca.<\/p>\n\n\n\n<p>Asimismo, se\u00f1al\u00f3 que siguiendo la Estrategia de la Pol\u00edtica Nacional de Vacunaci\u00f3n contra el virus SARS-CoV-2 para la prevenci\u00f3n de la COVID-19 en M\u00e9xico, esta semana se aplicaron m\u00e1s de 52 mil primeras dosis del biol\u00f3gico AstraZeneca a poblaci\u00f3n de 40 a 49 a\u00f1os, en m\u00e1s de 90 municipios de Valles Centrales, Sierra Norte, Costa e Istmo de Tehuantepec.<\/p>\n\n\n\n<p>Precis\u00f3 que, de acuerdo con la medici\u00f3n de los indicadores de riesgo establecidos por el gobierno federal, el territorio oaxaque\u00f1o continuar\u00e1 hasta el 18 de julio en sem\u00e1foro epidemiol\u00f3gico color verde.<\/p>\n\n\n\n<p>MUNICIPIOS EN ALERTA<\/p>\n\n\n\n<p>Por otra parte, los municipios de San Pedro Pochutla y Santa Mar\u00eda Colotepec, as\u00ed como la agencia de Puerto Escondido, del municipio de San Pedro Mixtepec, endurecieron sus medidas preventivas, ante el aumento de casos.<\/p>\n\n\n\n<p>En Colotepec, que tiene una parte del destino de playa de Puerto Escondido, en una semana se acumularon 113 casos.<\/p>\n\n\n\n<p>Ante ello, orden\u00f3 la suspensi\u00f3n de fiestas patronales, calendas y convites, as\u00ed como bailes de rodeo-jaripeo, palenques, ferias, eventos deportivos y concursos.<\/p>\n\n\n\n<p>Tambi\u00e9n actividades culturales o sociales tales como bodas, XV a\u00f1os, confirmaciones, bautizos, entre otros, as\u00ed como graduaciones y todo tipo de evento masivo, medidas que entran en vigor este lunes.<\/p>\n\n\n\n<p>\u201cEn los \u00faltimos d\u00edas han aumentado los reportes de Covid-19, poniendo en peligro la vida de familiares y amigos\u201d, inform\u00f3 la autoridad auxiliar de Puerto Escondido, por lo cual orden\u00f3 seguir usando cubrebocas, mantener la sana distancia y el lavado constante de manos, as\u00ed como salir de casa solamente para actividades esenciales.<\/p>\n\n\n\n<p>En Pochutla, a\u00fan cuando el sem\u00e1foro epidemiol\u00f3gico prevalece en verde en todo el estado, aplicar\u00e1 el sem\u00e1foro amarillo, para lo cual insisti\u00f3 en la aplicaci\u00f3n de medidas sanitarias preventivas.<\/p>\n\n\n\n<p>Asimismo, la cancelaci\u00f3n de fiestas patronales, bailes, jaripeos, calendas, ferias y concursos, tambi\u00e9n de eventos deportivos, culturales y sociales que impliquen la concentraci\u00f3n masiva de personas.<\/p>\n","protected":false},"excerpt":{"rendered":"<p>Ismael Garc\u00eda M.\/Redacci\u00f3n\/Zona Roja. Oaxaca de Ju\u00e1rez, Oax. 11 de julio de 2021.- Un promedio&hellip;<\/p>\n","protected":false},"author":2,"featured_media":29622,"comment_status":"closed","ping_status":"open","sticky":false,"template":"","format":"standard","meta":{"_lmt_disableupdate":"","_lmt_disable":"","_jetpack_memberships_contains_paid_content":false,"footnotes":""},"categories":[109,47],"tags":[1512],"class_list":["post-29621","post","type-post","status-publish","format-standard","has-post-thumbnail","hentry","category-minuto-a-minuto","category-zona-gris","tag-coronavirus-oaxaca"],"jetpack_featured_media_url":"https:\/\/zonaroja.com.mx\/wp-content\/uploads\/2021\/07\/Coronavirus-municipios-Costa.jpg","jetpack_sharing_enabled":true,"_links":{"self":[{"href":"https:\/\/zonaroja.com.mx\/index.php?rest_route=\/wp\/v2\/posts\/29621","targetHints":{"allow":["GET"]}}],"collection":[{"href":"https:\/\/zonaroja.com.mx\/index.php?rest_route=\/wp\/v2\/posts"}],"about":[{"href":"https:\/\/zonaroja.com.mx\/index.php?rest_route=\/wp\/v2\/types\/post"}],"author":[{"embeddable":true,"href":"https:\/\/zonaroja.com.mx\/index.php?rest_route=\/wp\/v2\/users\/2"}],"replies":[{"embeddable":true,"href":"https:\/\/zonaroja.com.mx\/index.php?rest_route=%2Fwp%2Fv2%2Fcomments&post=29621"}],"version-history":[{"count":1,"href":"https:\/\/zonaroja.com.mx\/index.php?rest_route=\/wp\/v2\/posts\/29621\/revisions"}],"predecessor-version":[{"id":29623,"href":"https:\/\/zonaroja.com.mx\/index.php?rest_route=\/wp\/v2\/posts\/29621\/revisions\/29623"}],"wp:featuredmedia":[{"embeddable":true,"href":"https:\/\/zonaroja.com.mx\/index.php?rest_route=\/wp\/v2\/media\/29622"}],"wp:attachment":[{"href":"https:\/\/zonaroja.com.mx\/index.php?rest_route=%2Fwp%2Fv2%2Fmedia&parent=29621"}],"wp:term":[{"taxonomy":"category","embeddable":true,"href":"https:\/\/zonaroja.com.mx\/index.php?rest_route=%2Fwp%2Fv2%2Fcategories&post=29621"},{"taxonomy":"post_tag","embeddable":true,"href":"https:\/\/zonaroja.com.mx\/index.php?rest_route=%2Fwp%2Fv2%2Ftags&post=29621"}],"curies":[{"name":"wp","href":"https:\/\/api.w.org\/{rel}","templated":true}]}}