{"id":29627,"date":"2021-07-12T06:52:13","date_gmt":"2021-07-12T11:52:13","guid":{"rendered":"http:\/\/www.zonaroja.com.mx\/?p=29627"},"modified":"2021-07-12T06:52:15","modified_gmt":"2021-07-12T11:52:15","slug":"sin-avances-indagatoria-de-crimen-del-mando-de-la-aei-en-oaxaca","status":"publish","type":"post","link":"https:\/\/zonaroja.com.mx\/?p=29627","title":{"rendered":"Sin avances indagatoria de crimen del mando de la AEI en Oaxaca"},"content":{"rendered":"\n<p>Ismael Garc\u00eda M.\/Zona Roja.<\/p>\n\n\n\n<p>Oaxaca de Ju\u00e1rez, Oax., 12 de julio de 2021.- A dos semanas de los hechos, no hay ninguna pista de los probables autores de la ejecuci\u00f3n de Omar Sabino Chepetla, director de Investigaciones de la Agencia Estatal de Investigaciones (AEI), ultimado el 29 de marzo.<\/p>\n\n\n\n<p>D\u00edas despu\u00e9s del crimen, se revel\u00f3 un video de c\u00e1mara local, en que aprecian a cuatro individuos en dos motocicletas, que disparan al funcionario de la Fiscal\u00eda General del Estado de Oaxaca (FGEO), en la carretera de las riberas del r\u00edo \u201cSalado\u201d, en jurisdicci\u00f3n de San Antonio de la Cal.<\/p>\n\n\n\n<p>El fiscal Arturo Peimbert supli\u00f3 esta ausencia el 6 de julio, al dar posesi\u00f3n a Francisco Joel Ginez Morales como nuevo director de Investigaciones.<\/p>\n\n\n\n<p>ZONA DE CR\u00cdMENES<\/p>\n\n\n\n<p>Pero ni ese ni otros asesinatos recientes ocurridos en la jurisdicci\u00f3n de ese municipio, conurbado a la capital, han sido esclarecidos por la Fiscal\u00eda, pese a que la agencia La Experimental de San Antonio de la Cal alberga oficinas de esta instituci\u00f3n y de la AEI.<\/p>\n\n\n\n<p>El 17 mayo del 2021, fue asesinado a balazos el mototaxista Jeh\u00fa Alberto A.M., de 21 a\u00f1os de edad, originario de San Antonio de la Cal, en elbarrio El Polvor\u00edn del mismo municipio.<\/p>\n\n\n\n<p>El 12 de febrero del 2021, frente al bar \u201cHon Kong\u201d, en las riberas del r\u00edo \u201cSalado\u201d y a unos 80 metros de la ejecuci\u00f3n del mando de la AEI, fue ultimado a balazos el guardia de seguridad, C\u00e9sar de 25 a\u00f1os de edad.<\/p>\n\n\n\n<p>El 9 de enero de 2021, una joven, originaria de Cuil\u00e1pam de Guerrero, fue \u201clevantada\u201d en el centro de la ciudad capital luego de vender productos en la zona del Mercado de Abasto y la llevaron al r\u00edo \u201cSalado\u201d, en San Antonio de la Cal, donde fue ejecutada a balazos.<\/p>\n\n\n\n<p>En tanto que el 29 de diciembre del 2020, un comerciante del Mercado de Abasto fue ultimado a balazos y su cuerpo fue abandonado a unos 200 metros de donde fue ejecutado Omar Sabino, director de investigaciones.<\/p>\n\n\n\n<p>En el lugar dejaron un \u201cnarcomensaje\u201d, donde mencionaron a un Agente Estatal de Investigaci\u00f3n, del grupo especial que comandaba quien fuera director de Investigaciones.<\/p>\n\n\n\n<p>El 26 de diciembre el 2020, una joven identificada como Nayeli fue asesinada a balazos cuando se encontraba en una tienda ubicada en la privada de Monte Alb\u00e1n en San Antonio de la Cal.<\/p>\n\n\n\n<p>El 8 de diciembre del 2020, un hombre identificado como Eleazar fue asesinado a balazos en un lavado de autos, ubicado en la calle Aldama casi esquina Mina, cerca del palacio municipal de San Antonio de la Cal.<\/p>\n","protected":false},"excerpt":{"rendered":"<p>Ismael Garc\u00eda M.\/Zona Roja. Oaxaca de Ju\u00e1rez, Oax., 12 de julio de 2021.- A dos&hellip;<\/p>\n","protected":false},"author":2,"featured_media":29628,"comment_status":"closed","ping_status":"open","sticky":false,"template":"","format":"standard","meta":{"_lmt_disableupdate":"","_lmt_disable":"","_jetpack_memberships_contains_paid_content":false,"footnotes":""},"categories":[109,47],"tags":[2797],"class_list":["post-29627","post","type-post","status-publish","format-standard","has-post-thumbnail","hentry","category-minuto-a-minuto","category-zona-gris","tag-omar-sabino-chepetla-jimenez"],"jetpack_featured_media_url":"https:\/\/zonaroja.com.mx\/wp-content\/uploads\/2021\/07\/Sepelio-Omar-Sabino-Chepetla.jpg","jetpack_sharing_enabled":true,"_links":{"self":[{"href":"https:\/\/zonaroja.com.mx\/index.php?rest_route=\/wp\/v2\/posts\/29627","targetHints":{"allow":["GET"]}}],"collection":[{"href":"https:\/\/zonaroja.com.mx\/index.php?rest_route=\/wp\/v2\/posts"}],"about":[{"href":"https:\/\/zonaroja.com.mx\/index.php?rest_route=\/wp\/v2\/types\/post"}],"author":[{"embeddable":true,"href":"https:\/\/zonaroja.com.mx\/index.php?rest_route=\/wp\/v2\/users\/2"}],"replies":[{"embeddable":true,"href":"https:\/\/zonaroja.com.mx\/index.php?rest_route=%2Fwp%2Fv2%2Fcomments&post=29627"}],"version-history":[{"count":1,"href":"https:\/\/zonaroja.com.mx\/index.php?rest_route=\/wp\/v2\/posts\/29627\/revisions"}],"predecessor-version":[{"id":29629,"href":"https:\/\/zonaroja.com.mx\/index.php?rest_route=\/wp\/v2\/posts\/29627\/revisions\/29629"}],"wp:featuredmedia":[{"embeddable":true,"href":"https:\/\/zonaroja.com.mx\/index.php?rest_route=\/wp\/v2\/media\/29628"}],"wp:attachment":[{"href":"https:\/\/zonaroja.com.mx\/index.php?rest_route=%2Fwp%2Fv2%2Fmedia&parent=29627"}],"wp:term":[{"taxonomy":"category","embeddable":true,"href":"https:\/\/zonaroja.com.mx\/index.php?rest_route=%2Fwp%2Fv2%2Fcategories&post=29627"},{"taxonomy":"post_tag","embeddable":true,"href":"https:\/\/zonaroja.com.mx\/index.php?rest_route=%2Fwp%2Fv2%2Ftags&post=29627"}],"curies":[{"name":"wp","href":"https:\/\/api.w.org\/{rel}","templated":true}]}}