{"id":29630,"date":"2021-07-12T07:00:07","date_gmt":"2021-07-12T12:00:07","guid":{"rendered":"http:\/\/www.zonaroja.com.mx\/?p=29630"},"modified":"2021-07-12T07:00:09","modified_gmt":"2021-07-12T12:00:09","slug":"en-agosto-el-pico-de-la-tercera-ola-de-covid-en-mexico","status":"publish","type":"post","link":"https:\/\/zonaroja.com.mx\/?p=29630","title":{"rendered":"En agosto, el pico de la tercera ola de Covid en M\u00e9xico"},"content":{"rendered":"\n<p>Redacci\u00f3n\/Zona Roja Cdmx.<\/p>\n\n\n\n<p>Ciudad de M\u00e9xico, 12 de julio de 2021.- Mientras que algunas regiones de Oaxaca, como el Istmo, ya viven una tercera ola de Covid-19, seg\u00fan los Servicios de Salud de la entidad, en M\u00e9xico los contagios se intensificar\u00e1n en el mes de agosto.<\/p>\n\n\n\n<p>El actual incremento de contagios de COVID-19 seguir\u00e1 su curso y alcanzar\u00e1 su pico alrededor del 8 de agosto, estim\u00f3 Arturo Erdely, profesor de tiempo completo en la FES Acatl\u00e1n de la UNAM.<\/p>\n\n\n\n<p>El doctor en ciencias matem\u00e1ticas elabor\u00f3, con datos de la Secretar\u00eda de Salud, una proyecci\u00f3n de las infecciones activas de coronavirus, que al 10 de julio ascender\u00edan a 2.3 millones de personas, y seguir\u00e1 el ascenso hasta llegar a poco m\u00e1s de tres millones, de acuerdo con la nota informativa de \u201cEl Heraldo de M\u00e9xico\u201d.<\/p>\n\n\n\n<p>El pico que se acerca coincide con las vacaciones de verano, con lo cual se espera el desplazamiento hacia lugares tur\u00edsticos.<\/p>\n\n\n\n<p>Andreu Comas, m\u00e9dico e investigador de la Facultad de Medicina de la UASLP, advirti\u00f3 que la epidemia actual ya tiene el mismo tama\u00f1o que el de la primera ola, hace justo un a\u00f1o.<\/p>\n\n\n\n<p>Las proyecciones del doctor Comas Garc\u00eda para las dos semanas siguientes muestran que seguir\u00e1 el aumento de casos, a diferencia del a\u00f1o pasado, cuando ya est\u00e1bamos cerca del pico de la primera ola, seg\u00fan la informaci\u00f3n de \u201cEl Heraldo\u201d.<\/p>\n\n\n\n<p>\u201cEs preocupante que la epidemia tenga la misma velocidad que en 2020, a pesar de que 60 por ciento de la poblaci\u00f3n ya tiene anticuerpos y 25 por ciento tiene al menos una dosis de la vacuna\u201d, dijo.<\/p>\n\n\n\n<p>Ante ello, recomend\u00f3 no visitar centros tur\u00edsticos como la pen\u00ednsula de Yucat\u00e1n, Golfo de M\u00e9xico, pen\u00ednsula de Baja California, Riviera Nayarit, Vallarta, Manzanillo, Oaxaca y la Ciudad de M\u00e9xico, ubicados en las entidades de mayor intensidad de la epidemia.<\/p>\n\n\n\n<p>El incremento afecta m\u00e1s a la poblaci\u00f3n joven, que a\u00fan no est\u00e1 vacunada o es la que tiene mayor movilidad, pero tambi\u00e9n se observa un incremento en menores de edad. Por mes, los casos positivos en menores pasaron de mil 80 en mayo a mil 613 en junio, lo que significa un incremento de 49 por ciento respecto a mayo, refiere la informaci\u00f3n de \u201cEl Heraldo\u201d.<\/p>\n","protected":false},"excerpt":{"rendered":"<p>Redacci\u00f3n\/Zona Roja Cdmx. Ciudad de M\u00e9xico, 12 de julio de 2021.- Mientras que algunas regiones&hellip;<\/p>\n","protected":false},"author":2,"featured_media":21598,"comment_status":"closed","ping_status":"open","sticky":false,"template":"","format":"standard","meta":{"_lmt_disableupdate":"","_lmt_disable":"","_jetpack_memberships_contains_paid_content":false,"footnotes":""},"categories":[109,47],"tags":[1328],"class_list":["post-29630","post","type-post","status-publish","format-standard","has-post-thumbnail","hentry","category-minuto-a-minuto","category-zona-gris","tag-coronavirus-mexico"],"jetpack_featured_media_url":"https:\/\/zonaroja.com.mx\/wp-content\/uploads\/2020\/12\/Paciente-Covid.jpg","jetpack_sharing_enabled":true,"_links":{"self":[{"href":"https:\/\/zonaroja.com.mx\/index.php?rest_route=\/wp\/v2\/posts\/29630","targetHints":{"allow":["GET"]}}],"collection":[{"href":"https:\/\/zonaroja.com.mx\/index.php?rest_route=\/wp\/v2\/posts"}],"about":[{"href":"https:\/\/zonaroja.com.mx\/index.php?rest_route=\/wp\/v2\/types\/post"}],"author":[{"embeddable":true,"href":"https:\/\/zonaroja.com.mx\/index.php?rest_route=\/wp\/v2\/users\/2"}],"replies":[{"embeddable":true,"href":"https:\/\/zonaroja.com.mx\/index.php?rest_route=%2Fwp%2Fv2%2Fcomments&post=29630"}],"version-history":[{"count":1,"href":"https:\/\/zonaroja.com.mx\/index.php?rest_route=\/wp\/v2\/posts\/29630\/revisions"}],"predecessor-version":[{"id":29631,"href":"https:\/\/zonaroja.com.mx\/index.php?rest_route=\/wp\/v2\/posts\/29630\/revisions\/29631"}],"wp:featuredmedia":[{"embeddable":true,"href":"https:\/\/zonaroja.com.mx\/index.php?rest_route=\/wp\/v2\/media\/21598"}],"wp:attachment":[{"href":"https:\/\/zonaroja.com.mx\/index.php?rest_route=%2Fwp%2Fv2%2Fmedia&parent=29630"}],"wp:term":[{"taxonomy":"category","embeddable":true,"href":"https:\/\/zonaroja.com.mx\/index.php?rest_route=%2Fwp%2Fv2%2Fcategories&post=29630"},{"taxonomy":"post_tag","embeddable":true,"href":"https:\/\/zonaroja.com.mx\/index.php?rest_route=%2Fwp%2Fv2%2Ftags&post=29630"}],"curies":[{"name":"wp","href":"https:\/\/api.w.org\/{rel}","templated":true}]}}