{"id":29635,"date":"2021-07-12T08:08:38","date_gmt":"2021-07-12T13:08:38","guid":{"rendered":"http:\/\/www.zonaroja.com.mx\/?p=29635"},"modified":"2021-07-12T08:08:41","modified_gmt":"2021-07-12T13:08:41","slug":"opinion-quien-de-los-priistas-se-suicidara","status":"publish","type":"post","link":"https:\/\/zonaroja.com.mx\/?p=29635","title":{"rendered":"Opini\u00f3n. \u00bfQui\u00e9n de los priistas se suicidar\u00e1?"},"content":{"rendered":"\n<p>Ismael Garc\u00eda M.\/Zona Roja.<\/p>\n\n\n\n<p>Oaxaca de Ju\u00e1rez, Oax., 12 de julio de 2021.- \u00bfCu\u00e1ntos y qui\u00e9nes quieren ser candidato o candidata del PRI a la gubernatura de Oaxaca? Sin duda que muchas y muchos, pero a sabiendas que ser\u00e1 pr\u00e1cticamente un suicidio.<\/p>\n\n\n\n<p>A querer o no, el Partido Morena conserva su arrastre pol\u00edtico y lo demostr\u00f3 en el reciente proceso electoral que concluy\u00f3 el 6 de junio.<\/p>\n\n\n\n<p>De acuerdo con la periodista Rosy Ramales, experta en temas electorales, el partido que cre\u00f3 el hoy Presidente de M\u00e9xico, Andr\u00e9s Manuel L\u00f3pez Obrador, obtuvo en los recientes comicios una de las cifras m\u00e1s altas de la historia electoral, al rebasar 700 mil votos, lo que no ha hecho el PRI ni en sus mejores tiempos.<\/p>\n\n\n\n<p>Acaso en 2010, Gabino Cu\u00e9 con la coalici\u00f3n de partidos, alcanz\u00f3 los 733 mil votos, por 613 mil del PRI y el Verde, quien llev\u00f3 entonces a Eviel P\u00e9rez Maga\u00f1a.<\/p>\n\n\n\n<p>\u201cEn base al resultado de la reciente local, el Partido Morena ya sabe que los n\u00fameros le dan de sobra para ganar por s\u00ed mismo la gubernatura\u201d, escribi\u00f3 la analista el pasado 15 de junio.<\/p>\n\n\n\n<p>En otra de sus colaboraciones, recalc\u00f3 que al PRI, ni coaligado le alcanzan los n\u00fameros para ganar; en el proceso electoral reciente, apenas logr\u00f3 481 mil votos, junto con el PRD y el PAN; el priismo aport\u00f3 332 mil sufragios.<\/p>\n\n\n\n<p>\u00bfQUI\u00c9N DICE YO?<\/p>\n\n\n\n<p>Con esos antecedentes, que desde luego no son definitivos, \u00bfqu\u00e9 priista dice yo para lanzarse a la gubernatura?<\/p>\n\n\n\n<p>La semana pasada, la casa encuestadora Massive Caller &#8211;que frecuentemente es contratada en la entidad, incluso por el gobierno&#8211; public\u00f3 un estudio demosc\u00f3pico en que compara las competencias de los morenistas, pero tambi\u00e9n incluy\u00f3 a algunos priistas.<\/p>\n\n\n\n<p>De acuerdo con ello, Morena tiene un 43.1 por ciento de intenci\u00f3n del voto, seguida de un 22 por ciento del PRI; 5.9 del PAN; 10.7 que votar\u00eda por otro partido y un 18.3 que a\u00fan no decide.&nbsp;<\/p>\n\n\n\n<p>De los priistas medidos, en el caso de Alejandro Avil\u00e9s, tiene un 11.7 por ciento de intenci\u00f3n del voto; Eviel P\u00e9rez Maga\u00f1a, 11; Samuel Gurri\u00f3n Mat\u00edas, 9 por ciento; Luis Antonio Ram\u00edrez Pineda, 6.9, y Eufrosina Cruz Mendoza, 2.8.&nbsp;<\/p>\n\n\n\n<p>Al igual que en el caso anterior, la cifra de quienes prefer\u00edan a otro candidato o candidata es de 20.7 por ciento; y la de quienes a\u00fan no deciden es de 37.9 por ciento.<\/p>\n\n\n\n<p>Ya en el careo entre representantes de diferentes partidos, Susana Harp lidera las encuestas con un 51 por ciento, muy por encima del 20.6 por ciento de Alejandro Avil\u00e9s del PRI; y el 5.4 por ciento Natividad D\u00edaz Jim\u00e9nez del PAN.&nbsp;<\/p>\n\n\n\n<p>Cifra similar al segundo careo en que la morenista se ubica con 49.8 por ciento de preferencia, por encima del 22.9 por ciento de Eviel P\u00e9rez y el 5.2 de Natividad D\u00edaz Jim\u00e9nez.&nbsp;<\/p>\n\n\n\n<p>No est\u00e1 Ra\u00fal Bola\u00f1os Cacho Cu\u00e9 en la encuesta, priista aunque senador por el Verde Ecologista, quien en tres a\u00f1os, poco le ha interesado el estado y ha optado por hacer continuas genuflexiones a Morena, creyendo que podr\u00eda ser apoyado como candidato.<\/p>\n\n\n\n<p>\u00bfQUI\u00c9NES SON?<\/p>\n\n\n\n<p>Hay mucho y poco qu\u00e9 decir de los priistas que se mencionan en las encuestas&nbsp;<\/p>\n\n\n\n<p>Alejandro Avil\u00e9s \u00c1lvarez terminar\u00e1 anquilosado en la C\u00e1mara de Diputados, pues va por su tercer periodo, todos por la v\u00eda plurinominal.<\/p>\n\n\n\n<p>Desde ah\u00ed, no ha hecho nada por Oaxaca m\u00e1s que proteger intereses grupales, dentro del gabinete del gobernador Alejandro Murat &#8211;incluso jugando las contras&#8211; y negocios con autoridades municipales y partidos pol\u00edticos.<\/p>\n\n\n\n<p>Algunos lo califican de torvo y se dice el principal operador del gobierno estatal para sacar o frenar iniciativas en el Congreso, donde reparte dinero a diestra y siniestra, sobre todo cuando recaba firmas de dict\u00e1menes de morenistas.<\/p>\n\n\n\n<p>Asegura controlar a diversos grupos, entre ellos algunos de choque que utiliza de acuerdo a sus conveniencias \u2013no las del gobierno&#8211; y en dos d\u00e9cadas de poder, ha beneficiado solamente a sus allegados, entre ellos Fredy Gil Pineda Gopar, a quien usa seg\u00fan sus intereses violentos, as\u00ed como a Gustavo D\u00edaz S\u00e1nchez, quien tiene todo el control de la Cuenca.<\/p>\n\n\n\n<p>En el gabinete tiene algunos fieles, como Francisco Garc\u00eda L\u00f3pez, Marco Antonio Cuevas y Jorge Toledo Luis, que palmo a palmo disputan espacios de poder al equipo de Alejandro Murat. En campa\u00f1a pol\u00edtica, trabaj\u00f3 para sus intereses y para defender a sus postulados, pero no para el PRI; incluso hizo una campa\u00f1a distinta a la de Eviel P\u00e9rez Maga\u00f1a.<\/p>\n\n\n\n<p>Eviel, por cierto, fue mencionado tambi\u00e9n en la encuesta, pero el propio exitoso empresario constructor est\u00e1 contento con el cargo de dirigente priista y ya no quiere una aventura como la de 2010, que le dej\u00f3 marcado para siempre como un perdedor.<\/p>\n\n\n\n<p>\u00bfSamuel Gurri\u00f3n? Su \u00fanico anhelo es seguir en el poder, en el espacio que sea, y seguir medrando con los recursos p\u00fablicos; no le da para m\u00e1s y ya tiene una diputaci\u00f3n local, para que se est\u00e9 quieto.<\/p>\n\n\n\n<p>LAS POSIBLES<\/p>\n\n\n\n<p>Otro encuestado es Luis Antonio Ram\u00edrez Pineda, que a nivel nacional lo siguen considerando priista, aunque trabaje para la 4T, sin mucho coraz\u00f3n. La semana que pas\u00f3 intensific\u00f3 sus giras de trabajo por la Cuenca, en que visit\u00f3 Temascal y Tuxtepec, pero sin ofrecer ni presumir acciones, que no hay en el ISSSSTE.&nbsp;<\/p>\n\n\n\n<p>\u00bfY las mujeres? Acaso un prospecto que podr\u00eda pegar un susto a Morena si no elige bien candidato, ser\u00eda Eufrosina Cruz Mendoza, pr\u00f3xima diputada, tambi\u00e9n por tercera vez y por la v\u00eda plurinominal, quien por lo menos no tiene antecedentes negativos.<\/p>\n\n\n\n<p>Quiz\u00e1 Mariana Ben\u00edtez Tiburcio, priista de nombre, que por muchos a\u00f1os ha menospreciado el estado y tuvo escasa participaci\u00f3n en las campa\u00f1as pol\u00edticas, a sabiendas que ya ten\u00eda asegurado una curul.<\/p>\n\n\n\n<p>Despu\u00e9s de ser subsecretaria de la entonces Procuradur\u00eda General de la Rep\u00fablica, ella se considera pol\u00edtica de altos vuelos, de \u201ctalla\u201d nacional\u2026 y por eso no le ha interesado Oaxaca.<\/p>\n\n\n\n<p>Habr\u00eda que estar pendientes de dos probables prospectos, Mart\u00edn V\u00e1squez Villanueva, actual responsable de la Cortv, y Francisco \u00c1ngel Villarreal, director del IEEPO, quienes en el reci\u00e9n concluido proceso electoral se disciplinaron, en espera de mejores oportunidades.<\/p>\n\n\n\n<p>Por lo pronto, la moneda est\u00e1 en el aire y los priistas aspirantes tambi\u00e9n tiemblan porque ya no hay dinero del erario como era antes.<\/p>\n","protected":false},"excerpt":{"rendered":"<p>Ismael Garc\u00eda M.\/Zona Roja. Oaxaca de Ju\u00e1rez, Oax., 12 de julio de 2021.- \u00bfCu\u00e1ntos y&hellip;<\/p>\n","protected":false},"author":2,"featured_media":7610,"comment_status":"closed","ping_status":"open","sticky":false,"template":"","format":"standard","meta":{"_lmt_disableupdate":"","_lmt_disable":"","_jetpack_memberships_contains_paid_content":false,"footnotes":""},"categories":[456,109,48],"tags":[1353],"class_list":["post-29635","post","type-post","status-publish","format-standard","has-post-thumbnail","hentry","category-columna","category-minuto-a-minuto","category-zona-critica","tag-opinion-zona-critica"],"jetpack_featured_media_url":"https:\/\/zonaroja.com.mx\/wp-content\/uploads\/2020\/01\/Opini\u00f3n-Zona-Cr\u00edtica.jpg","jetpack_sharing_enabled":true,"_links":{"self":[{"href":"https:\/\/zonaroja.com.mx\/index.php?rest_route=\/wp\/v2\/posts\/29635","targetHints":{"allow":["GET"]}}],"collection":[{"href":"https:\/\/zonaroja.com.mx\/index.php?rest_route=\/wp\/v2\/posts"}],"about":[{"href":"https:\/\/zonaroja.com.mx\/index.php?rest_route=\/wp\/v2\/types\/post"}],"author":[{"embeddable":true,"href":"https:\/\/zonaroja.com.mx\/index.php?rest_route=\/wp\/v2\/users\/2"}],"replies":[{"embeddable":true,"href":"https:\/\/zonaroja.com.mx\/index.php?rest_route=%2Fwp%2Fv2%2Fcomments&post=29635"}],"version-history":[{"count":1,"href":"https:\/\/zonaroja.com.mx\/index.php?rest_route=\/wp\/v2\/posts\/29635\/revisions"}],"predecessor-version":[{"id":29636,"href":"https:\/\/zonaroja.com.mx\/index.php?rest_route=\/wp\/v2\/posts\/29635\/revisions\/29636"}],"wp:featuredmedia":[{"embeddable":true,"href":"https:\/\/zonaroja.com.mx\/index.php?rest_route=\/wp\/v2\/media\/7610"}],"wp:attachment":[{"href":"https:\/\/zonaroja.com.mx\/index.php?rest_route=%2Fwp%2Fv2%2Fmedia&parent=29635"}],"wp:term":[{"taxonomy":"category","embeddable":true,"href":"https:\/\/zonaroja.com.mx\/index.php?rest_route=%2Fwp%2Fv2%2Fcategories&post=29635"},{"taxonomy":"post_tag","embeddable":true,"href":"https:\/\/zonaroja.com.mx\/index.php?rest_route=%2Fwp%2Fv2%2Ftags&post=29635"}],"curies":[{"name":"wp","href":"https:\/\/api.w.org\/{rel}","templated":true}]}}