{"id":29640,"date":"2021-07-12T10:26:03","date_gmt":"2021-07-12T15:26:03","guid":{"rendered":"http:\/\/www.zonaroja.com.mx\/?p=29640"},"modified":"2021-07-12T10:26:08","modified_gmt":"2021-07-12T15:26:08","slug":"vence-hoy-plazo-judicial-del-caso-ayutla-maria-elena-pide-apoyo-a-amlo","status":"publish","type":"post","link":"https:\/\/zonaroja.com.mx\/?p=29640","title":{"rendered":"Vence hoy plazo judicial del caso Ayutla; Mar\u00eda Elena pide apoyo a AMLO"},"content":{"rendered":"\n<p>Ismael Garc\u00eda M.\/Zona Roja.<\/p>\n\n\n\n<p>Oaxaca de Ju\u00e1rez, Oax., 12 de julio de 2021.- \u201cEstoy seguro que su piel, cada ma\u00f1ana tiene la dicha de ser tocada por el agua de una regadera a presi\u00f3n; por favor, en ese momento recuerde lo afortunado que es. San Pedro y San Pablo Ayutla Mixe no gozan de ese privilegio desde hace cuatro a\u00f1os\u201d.<\/p>\n\n\n\n<p>Con estas palabras se dirigi\u00f3 la joven oaxaque\u00f1a Mar\u00eda Elena R\u00edos Ortiz al Presidente de M\u00e9xico, Andr\u00e9s Manuel L\u00f3pez Obrador, al vencerse hoy el plazo de tres d\u00edas h\u00e1biles que dio el Tribunal Colegiado para que el gobierno de Oaxaca acate la sentencia bajo el folio 795\/2017.<\/p>\n\n\n\n<p>La activista, quien no ceja su lucha porque la Fiscal\u00eda General del Estado aprehenda al quinto implicado del ataque con \u00e1cido que sufri\u00f3 el 9 de septiembre de 2019, estuvo el s\u00e1bado en la Ciudad de M\u00e9xico para iniciar una jornada de apoyo al pueblo Mixe.<\/p>\n\n\n\n<p>\u201cSe\u00f1or Presidente, agradezco que sea responsable y que nos honre con atenci\u00f3n desde muy temprano\u2026 usted lo reiter\u00f3 en su conferencia matutina del d\u00eda 8 de julio, y solicit\u00f3 al Gobierno del Estado de Oaxaca la reconexi\u00f3n inmediata de este manantial.<\/p>\n\n\n\n<p>\u201cHoy es el \u00faltimo de tres d\u00edas h\u00e1biles que se emitieron para cumplir la sentencia y a\u00fan no se ha reconectado el agua del manantial\u201d, expuso R\u00edos Ortiz a trav\u00e9s de un video.<\/p>\n\n\n\n<p>Record\u00f3 que el de Ayutla Mixe han sido a\u00f1os de lucha para defender y tratar de recuperar el manantial \u2013que disputa con Tamazul\u00e1pam del Esp\u00edritu Santo&#8211;, lo que ha derivado incluso en otras violaciones a derechos humanos como secuestros, tortura y abuso sexuales y un asesinato.<\/p>\n\n\n\n<p>\u201cSe\u00f1or Presidente, apreciamos su inter\u00e9s en reconocer la dignidad de las asambleas comunitarias en los pueblos originarios, como es el caso de mi estado natal Oaxaca.<\/p>\n\n\n\n<p>Esperamos que usted reconozca la larga lucha de comuneras y comuneros de Ayutla a lo largo de estos a\u00f1os de denuncia, y no a versiones oficiales que esconden la verdad, pues tanto usted como yo estamos muy de acuerdo y sabemos que la historia se encarga de evidenciar todo\u201d, remarc\u00f3 la joven saxofonista.<\/p>\n","protected":false},"excerpt":{"rendered":"<p>Ismael Garc\u00eda M.\/Zona Roja. Oaxaca de Ju\u00e1rez, Oax., 12 de julio de 2021.- \u201cEstoy seguro&hellip;<\/p>\n","protected":false},"author":2,"featured_media":29641,"comment_status":"closed","ping_status":"open","sticky":false,"template":"","format":"standard","meta":{"_lmt_disableupdate":"","_lmt_disable":"","_jetpack_memberships_contains_paid_content":false,"footnotes":""},"categories":[109,47],"tags":[1124],"class_list":["post-29640","post","type-post","status-publish","format-standard","has-post-thumbnail","hentry","category-minuto-a-minuto","category-zona-gris","tag-maria-elena-rios-ortiz"],"jetpack_featured_media_url":"https:\/\/zonaroja.com.mx\/wp-content\/uploads\/2021\/07\/Manantial-Ayutla-Mixe.jpg","jetpack_sharing_enabled":true,"_links":{"self":[{"href":"https:\/\/zonaroja.com.mx\/index.php?rest_route=\/wp\/v2\/posts\/29640","targetHints":{"allow":["GET"]}}],"collection":[{"href":"https:\/\/zonaroja.com.mx\/index.php?rest_route=\/wp\/v2\/posts"}],"about":[{"href":"https:\/\/zonaroja.com.mx\/index.php?rest_route=\/wp\/v2\/types\/post"}],"author":[{"embeddable":true,"href":"https:\/\/zonaroja.com.mx\/index.php?rest_route=\/wp\/v2\/users\/2"}],"replies":[{"embeddable":true,"href":"https:\/\/zonaroja.com.mx\/index.php?rest_route=%2Fwp%2Fv2%2Fcomments&post=29640"}],"version-history":[{"count":1,"href":"https:\/\/zonaroja.com.mx\/index.php?rest_route=\/wp\/v2\/posts\/29640\/revisions"}],"predecessor-version":[{"id":29642,"href":"https:\/\/zonaroja.com.mx\/index.php?rest_route=\/wp\/v2\/posts\/29640\/revisions\/29642"}],"wp:featuredmedia":[{"embeddable":true,"href":"https:\/\/zonaroja.com.mx\/index.php?rest_route=\/wp\/v2\/media\/29641"}],"wp:attachment":[{"href":"https:\/\/zonaroja.com.mx\/index.php?rest_route=%2Fwp%2Fv2%2Fmedia&parent=29640"}],"wp:term":[{"taxonomy":"category","embeddable":true,"href":"https:\/\/zonaroja.com.mx\/index.php?rest_route=%2Fwp%2Fv2%2Fcategories&post=29640"},{"taxonomy":"post_tag","embeddable":true,"href":"https:\/\/zonaroja.com.mx\/index.php?rest_route=%2Fwp%2Fv2%2Ftags&post=29640"}],"curies":[{"name":"wp","href":"https:\/\/api.w.org\/{rel}","templated":true}]}}