{"id":29649,"date":"2021-07-12T16:43:10","date_gmt":"2021-07-12T21:43:10","guid":{"rendered":"http:\/\/www.zonaroja.com.mx\/?p=29649"},"modified":"2021-07-12T16:43:12","modified_gmt":"2021-07-12T21:43:12","slug":"no-a-la-comida-chatarra-si-al-maiz-nativo-afirman-organizaciones","status":"publish","type":"post","link":"https:\/\/zonaroja.com.mx\/?p=29649","title":{"rendered":"No a la comida chatarra, s\u00ed al ma\u00edz nativo, afirman organizaciones"},"content":{"rendered":"\n<p>Evlin Arag\u00f3n\/Zona Roja.<\/p>\n\n\n\n<p>Oaxaca de Ju\u00e1rez, Oax., 12 de julio de 2021.- Integrantes del Espacio Estatal en Defensa del Ma\u00edz Nativo de Oaxaca, se pronunciaron en contra de los alimentos procesados y \u201cchatarra\u201d, as\u00ed como de los productos transg\u00e9nicos elaborados por empresas trasnacionales, que perjudican la salud de la humanidad.&nbsp;<\/p>\n\n\n\n<p>Lo anterior en el marco del ritual que llevaron a cabo en honor a la madre tierra y como parte del inicio de las actividades de la \u201cGuelaguetza en la vida cotidiana\u201d, que se lleva a cabo durante este mes de julio y es organizada por colectivos de la sociedad civil.<\/p>\n\n\n\n<p>Como parte de su manifiesto, convocaron a la poblaci\u00f3n oaxaque\u00f1a a generar un consumo responsable y procurar alimentos sanos en sus mesas, investigar de donde viene su comida y c\u00f3mo se produce a fin de prevenir las enfermedades que actualmente aquejan a la humanidad y que muchas veces son producto de la comida procesada, tambi\u00e9n denominada \u201cchatarra\u201d.<\/p>\n\n\n\n<p>En este sentido, pidieron incluir en la alimentaci\u00f3n b\u00e1sica al ma\u00edz nativo conservado a\u00fan por las comunidades y pueblos ind\u00edgenas que, adem\u00e1s, encabezan una lucha en contra de las modificaciones gen\u00e9ticas de las semillas que realizan las grandes empresas y que derivar\u00e1n en otras enfermedades.&nbsp;<\/p>\n\n\n\n<p>Por ello, hicieron el llamado a las y los campesinos a seguir sembrando las semillas nativas y criollas, principal fuente saludable de alimentaci\u00f3n, y no hacer caso de la publicidad de los gobiernos y las empresas sobre los supuestos beneficios que traen consigo las que ya han sido \u201cmejoradas\u201d.<\/p>\n\n\n\n<p>Y es que denunciaron que, mientras las empresas promueven el uso de las semillas gen\u00e9ticamente modificadas, tambi\u00e9n realizan acciones para expropiar las nativas con el fin de ponerlas a disposici\u00f3n del agronegocio industrial&nbsp;<\/p>\n\n\n\n<p>\u201cNo necesitamos banco de germoplasma para conservarlas en vitrinas, sembramos nuestras semillas para conservarlas vivas. La gran diversidad gen\u00e9tica de semillas que conservamos en Oaxaca y en los territorios ind\u00edgenas del mundo es garant\u00eda de nuestra sobrevivencia y de la humanidad\u201d, indicaron.&nbsp;<\/p>\n\n\n\n<p>Finalmente, y como parte de su posicionamiento, criticaron que el gobierno de Oaxaca haya pervertido el significado profundo de la Guelaguetza, el cual tiene que ver con la ayuda mutua entre los pueblos, a pesar de las diferencias que existan entre sus pobladores y la conservaci\u00f3n de su identidad, incluido el ma\u00edz nativo.<\/p>\n\n\n\n<p>\u201cLa palaba Guelaguetza ha sido utilizada por los gobiernos en turno para mostrar hacia fuera una cara bonita de Oaxaca, pero hacia adentro niega la diversidad cultural existente de los pueblos ind\u00edgenas y trata de deslegitimar el verdadero significado de la palabra que trasciende la fiesta y en realidad se trata de una forma distinta de ver el mundo\u201d, indicaron.&nbsp;<\/p>\n","protected":false},"excerpt":{"rendered":"<p>Evlin Arag\u00f3n\/Zona Roja. Oaxaca de Ju\u00e1rez, Oax., 12 de julio de 2021.- Integrantes del Espacio&hellip;<\/p>\n","protected":false},"author":2,"featured_media":29650,"comment_status":"closed","ping_status":"open","sticky":false,"template":"","format":"standard","meta":{"_lmt_disableupdate":"","_lmt_disable":"","_jetpack_memberships_contains_paid_content":false,"footnotes":""},"categories":[109,46],"tags":[2799],"class_list":["post-29649","post","type-post","status-publish","format-standard","has-post-thumbnail","hentry","category-minuto-a-minuto","category-zona-blanca","tag-espacio-estatal-en-defensa-del-maiz-nativo"],"jetpack_featured_media_url":"https:\/\/zonaroja.com.mx\/wp-content\/uploads\/2021\/07\/Maiz-Nativo-Espacio-Estatal.jpg","jetpack_sharing_enabled":true,"_links":{"self":[{"href":"https:\/\/zonaroja.com.mx\/index.php?rest_route=\/wp\/v2\/posts\/29649","targetHints":{"allow":["GET"]}}],"collection":[{"href":"https:\/\/zonaroja.com.mx\/index.php?rest_route=\/wp\/v2\/posts"}],"about":[{"href":"https:\/\/zonaroja.com.mx\/index.php?rest_route=\/wp\/v2\/types\/post"}],"author":[{"embeddable":true,"href":"https:\/\/zonaroja.com.mx\/index.php?rest_route=\/wp\/v2\/users\/2"}],"replies":[{"embeddable":true,"href":"https:\/\/zonaroja.com.mx\/index.php?rest_route=%2Fwp%2Fv2%2Fcomments&post=29649"}],"version-history":[{"count":1,"href":"https:\/\/zonaroja.com.mx\/index.php?rest_route=\/wp\/v2\/posts\/29649\/revisions"}],"predecessor-version":[{"id":29651,"href":"https:\/\/zonaroja.com.mx\/index.php?rest_route=\/wp\/v2\/posts\/29649\/revisions\/29651"}],"wp:featuredmedia":[{"embeddable":true,"href":"https:\/\/zonaroja.com.mx\/index.php?rest_route=\/wp\/v2\/media\/29650"}],"wp:attachment":[{"href":"https:\/\/zonaroja.com.mx\/index.php?rest_route=%2Fwp%2Fv2%2Fmedia&parent=29649"}],"wp:term":[{"taxonomy":"category","embeddable":true,"href":"https:\/\/zonaroja.com.mx\/index.php?rest_route=%2Fwp%2Fv2%2Fcategories&post=29649"},{"taxonomy":"post_tag","embeddable":true,"href":"https:\/\/zonaroja.com.mx\/index.php?rest_route=%2Fwp%2Fv2%2Ftags&post=29649"}],"curies":[{"name":"wp","href":"https:\/\/api.w.org\/{rel}","templated":true}]}}