{"id":29655,"date":"2021-07-12T20:28:58","date_gmt":"2021-07-13T01:28:58","guid":{"rendered":"http:\/\/www.zonaroja.com.mx\/?p=29655"},"modified":"2021-07-12T20:29:00","modified_gmt":"2021-07-13T01:29:00","slug":"exhiben-a-deudores-alimentarios-en-oaxaca-pero-reciben-amenazas","status":"publish","type":"post","link":"https:\/\/zonaroja.com.mx\/?p=29655","title":{"rendered":"Exhiben a deudores alimentarios en Oaxaca\u2026 pero reciben amenazas"},"content":{"rendered":"\n<p>Ismael Garc\u00eda M.\/Zona Roja.<\/p>\n\n\n\n<p>Oaxaca de Ju\u00e1rez, Oax., 12 de julio de 2021.- Al grito de \u201c\u00a1Y tiemblen los machistas, que Am\u00e9rica Latina ser\u00e1 toda feminista!\u201d, los nombres de Jos\u00e9 Abraham Nava, Luis Mart\u00ednez L\u00f3pez, Magiel Axdali Cort\u00e9s Cer\u00f3n, Marco Antonio Le\u00f3n Ramos, Norman Joshep Jim\u00e9nez, entre otros, fueron exhibidos hoy como padres irresponsables.<\/p>\n\n\n\n<p>Diversos colectivos de mujeres instalaron este lunes un tendedero de denuncia de deudores alimentarios, en la explanada del templo de Santo Domingo de Guzm\u00e1n, Centro Hist\u00f3rico de la ciudad de Oaxaca.<\/p>\n\n\n\n<p>Entre gritos y exigencias para que cubran las pensiones alimentarias de sus hijos, las mujeres se armaron de valor para exhibir rostros y nombres de hombres que han actuado con irresponsabilidad.<\/p>\n\n\n\n<p>Expusieron que los denunciados no solamente dejaron a sus hijos en el abandono de manera econ\u00f3mica, sino tambi\u00e9n psicol\u00f3gica y emocional.<\/p>\n\n\n\n<p>\u201cEstos hombres, al no participar activamente en la vida de sus hijos e hijas, se convierten en delincuentes y atentan d\u00eda con d\u00eda contra la paternidad de las infancias; su abandono y las constantes violaciones a los derechos de sus hijos e hijas, son decisiones que son respaldadas por la sociedad machista\u201d, agregaron.<\/p>\n\n\n\n<p>Sin embargo, muchas de las que acudieron a denunciar a su ex pareja, ya comenzaron a recibir amenazas, seg\u00fan denunci\u00f3 la activista feminista Diana Luz V\u00e1squez:<\/p>\n\n\n\n<p>\u201cMuchas mujeres que hoy exhibieron a sus deudores, est\u00e1n recibiendo amenazas; justamente hoy fuimos a hablar con el fiscal (Arturo Peimbert); derivado de esto, la Fiscal\u00eda Generl le va a entrar; la Defensor\u00eda (de Derechos Humanos) le va a entrar, ya platicamos con el Tribunal Superior de Justicia, ya tenemos estrategia y le vamos a entrar juntas\u201d, expres\u00f3.<\/p>\n\n\n\n<figure class=\"wp-block-embed-twitter wp-block-embed is-type-rich is-provider-twitter\"><div class=\"wp-block-embed__wrapper\">\n<div class=\"twitter-tweet\"><blockquote class=\"twitter-tweet\" data-lang=\"es\"><p lang=\"es\" dir=\"ltr\"><a href=\"https:\/\/twitter.com\/hashtag\/%C3%9AltimoMinuto?src=hash&amp;ref_src=twsrc%5Etfw\">#\u00daltimoMinuto<\/a> <br>En la explanada de Santo Domingo de Guzm\u00e1n, ciudad de <a href=\"https:\/\/twitter.com\/hashtag\/Oaxaca?src=hash&amp;ref_src=twsrc%5Etfw\">#Oaxaca<\/a>, exhiben nombres de deudores alimentarios. <br>Afectadas demandan al Legislativo reformar leyes para sancionar a padres irresponsables. <a href=\"https:\/\/t.co\/g5kCtNjSdZ\">pic.twitter.com\/g5kCtNjSdZ<\/a><\/p>&mdash; Zona Roja Oaxaca (@Zona_Roja_Oax) <a href=\"https:\/\/twitter.com\/Zona_Roja_Oax\/status\/1414727581702754308?ref_src=twsrc%5Etfw\">12 de julio de 2021<\/a><\/blockquote><\/div>\n<\/div><\/figure>\n\n\n\n<p>Pidi\u00f3 a las mujeres v\u00edctimas no dejarse amedrentar y hacer p\u00fablicas las amenazas que haya en contra de ellas, con la finalidad de que se tomen medidas jur\u00eddicas.<\/p>\n\n\n\n<p>\u201cLas colectivas feministas hacemos un llamado al Congreso para que las leyes puedan proteger los derechos de las ni\u00f1as y ni\u00f1os de Oaxaca. El Estado tiene una deuda hist\u00f3rica de las mujeres, ya que ellas se hacen responsables de la infancia y educan desde su posici\u00f3n vulnerable\u201d, recalc\u00f3 una de las mujeres que tom\u00f3 el meg\u00e1fono.<\/p>\n\n\n\n<p>\u201cLas mujeres de Oaxaca decimos basta, basta de impunidad de permitir que se veje el derecho de las personas m\u00e1s vulnerables frente a los hombres\u201d, abund\u00f3.<\/p>\n\n\n\n<p>Lament\u00f3 que la Direcci\u00f3n del Registro Civil \u00fanicamente tenga nueve deudores registrados pero la informaci\u00f3n no coincide con lo que hoy se present\u00f3 en el tendedero, por lo que demandaron actualizar los datos.<\/p>\n","protected":false},"excerpt":{"rendered":"<p>Ismael Garc\u00eda M.\/Zona Roja. Oaxaca de Ju\u00e1rez, Oax., 12 de julio de 2021.- Al grito&hellip;<\/p>\n","protected":false},"author":2,"featured_media":29656,"comment_status":"closed","ping_status":"open","sticky":false,"template":"","format":"standard","meta":{"_lmt_disableupdate":"","_lmt_disable":"","_jetpack_memberships_contains_paid_content":false,"footnotes":""},"categories":[109,47],"tags":[2800],"class_list":["post-29655","post","type-post","status-publish","format-standard","has-post-thumbnail","hentry","category-minuto-a-minuto","category-zona-gris","tag-deudores-alimentarios-oaxaca"],"jetpack_featured_media_url":"https:\/\/zonaroja.com.mx\/wp-content\/uploads\/2021\/07\/Deudores-alimentarios-Oaxaca.jpg","jetpack_sharing_enabled":true,"_links":{"self":[{"href":"https:\/\/zonaroja.com.mx\/index.php?rest_route=\/wp\/v2\/posts\/29655","targetHints":{"allow":["GET"]}}],"collection":[{"href":"https:\/\/zonaroja.com.mx\/index.php?rest_route=\/wp\/v2\/posts"}],"about":[{"href":"https:\/\/zonaroja.com.mx\/index.php?rest_route=\/wp\/v2\/types\/post"}],"author":[{"embeddable":true,"href":"https:\/\/zonaroja.com.mx\/index.php?rest_route=\/wp\/v2\/users\/2"}],"replies":[{"embeddable":true,"href":"https:\/\/zonaroja.com.mx\/index.php?rest_route=%2Fwp%2Fv2%2Fcomments&post=29655"}],"version-history":[{"count":1,"href":"https:\/\/zonaroja.com.mx\/index.php?rest_route=\/wp\/v2\/posts\/29655\/revisions"}],"predecessor-version":[{"id":29657,"href":"https:\/\/zonaroja.com.mx\/index.php?rest_route=\/wp\/v2\/posts\/29655\/revisions\/29657"}],"wp:featuredmedia":[{"embeddable":true,"href":"https:\/\/zonaroja.com.mx\/index.php?rest_route=\/wp\/v2\/media\/29656"}],"wp:attachment":[{"href":"https:\/\/zonaroja.com.mx\/index.php?rest_route=%2Fwp%2Fv2%2Fmedia&parent=29655"}],"wp:term":[{"taxonomy":"category","embeddable":true,"href":"https:\/\/zonaroja.com.mx\/index.php?rest_route=%2Fwp%2Fv2%2Fcategories&post=29655"},{"taxonomy":"post_tag","embeddable":true,"href":"https:\/\/zonaroja.com.mx\/index.php?rest_route=%2Fwp%2Fv2%2Ftags&post=29655"}],"curies":[{"name":"wp","href":"https:\/\/api.w.org\/{rel}","templated":true}]}}