{"id":29658,"date":"2021-07-12T21:33:04","date_gmt":"2021-07-13T02:33:04","guid":{"rendered":"http:\/\/www.zonaroja.com.mx\/?p=29658"},"modified":"2021-07-12T21:33:08","modified_gmt":"2021-07-13T02:33:08","slug":"lunes-caotico-en-oaxaca-entre-bloqueos-y-protestas-y-la-segego","status":"publish","type":"post","link":"https:\/\/zonaroja.com.mx\/?p=29658","title":{"rendered":"Lunes ca\u00f3tico en Oaxaca, entre bloqueos y protestas; \u00bfy la Segego?"},"content":{"rendered":"\n<p>Ismael Garc\u00eda M.\/Zona Roja.<\/p>\n\n\n\n<p>Oaxaca de Ju\u00e1rez, Oax., 12 de julio de 2021.- Al menos una decena de protestas, bloqueos y \u201ctoma\u201d de oficinas se registr\u00f3 este lunes lo que, de nueva cuenta, rebas\u00f3 las capacidades de la Secretar\u00eda General de Gobierno.<\/p>\n\n\n\n<p>Adem\u00e1s de tres tipos de denuncias en inmuebles de los Servicios de Salud, en la capital como en el interior del estado, en la Junta Local de Conciliaci\u00f3n y Arbitraje protest\u00f3 un grupo de trabajadores de la Comisi\u00f3n Estatal del Agua (CEA).<\/p>\n\n\n\n<p>Los inconformes denunciaron la falsificaci\u00f3n de firmas para la elecci\u00f3n de la nueva dirigencia sindical, por lo cual demandaron la intervenci\u00f3n del organismo gubernamental.<\/p>\n\n\n\n<p>En el mercado \u201c20 de Noviembre\u201d, comerciantes y vendedores de alimentos expusieron su rechazo a la construcci\u00f3n del Centro Gastron\u00f3mico, en un inmueble hist\u00f3rico de la ciudad de Oaxaca.<\/p>\n\n\n\n<p>En voz de Ricardo Leyva, acusaron que ese proyecto oficial s\u00f3lo beneficiar\u00e1 a unos cuantos y no a los aut\u00e9nticos expendedores tradicionales de alimentos, por lo cual pidieron sea cancelado.<\/p>\n\n\n\n<p>Mientras tanto, en el edificio de la Secretar\u00eda de Desarrollo Agropecuario, ubicado en el complejo gubernamental de Ciudad Judicial, militantes del Frente Popular Revolucionario (FPR) protestaron con pintas para exigir programas sociales.<\/p>\n\n\n\n<figure class=\"wp-block-embed-twitter wp-block-embed is-type-rich is-provider-twitter\"><div class=\"wp-block-embed__wrapper\">\n<div class=\"twitter-tweet\"><blockquote class=\"twitter-tweet\" data-lang=\"es\"><p lang=\"es\" dir=\"ltr\"><a href=\"https:\/\/twitter.com\/hashtag\/%C3%9AltimoMinuto?src=hash&amp;ref_src=twsrc%5Etfw\">#\u00daltimoMinuto<\/a> <br>Sin demandas precisas, un grupo de supuestos estudiantes normalistas bloquea la calzada H\u00e9roes de Chapultepec de la ciudad de <a href=\"https:\/\/twitter.com\/hashtag\/Oaxaca?src=hash&amp;ref_src=twsrc%5Etfw\">#Oaxaca<\/a>, a la altura de la terminal de autobuses de primera clase. <a href=\"https:\/\/t.co\/rNXnQ8Xxaf\">pic.twitter.com\/rNXnQ8Xxaf<\/a><\/p>&mdash; Zona Roja Oaxaca (@Zona_Roja_Oax) <a href=\"https:\/\/twitter.com\/Zona_Roja_Oax\/status\/1414659169299357701?ref_src=twsrc%5Etfw\">12 de julio de 2021<\/a><\/blockquote><\/div>\n<\/div><\/figure>\n\n\n\n<p>Despu\u00e9s del mediod\u00eda, docentes-estudiantes de la Escuela Normal Superior Federal de Oaxaca (ENSFO), cerraron la calzada H\u00e9roes de Chapultepec de la capital, para exigir pagos pendientes, pese a que ya les cubrieron los adeudos, seg\u00fan autoridades educativas.<\/p>\n\n\n\n<p>Por al menos cinco horas, extendieron su cierre vial en varios cruces de calles, mismos que retiraron despu\u00e9s de las seis de la tarde. En el transcurso, se tomaron \u201cselfies\u201d mientras cientos de personas, incluyendo adultos mayores, ten\u00edan que caminar para llegar a su destino.<\/p>\n\n\n\n<p>Con cartulinas afuera del palacio municipal de Oaxaca de Ju\u00e1rez, trabajadores de la Direcci\u00f3n de Obras P\u00fablicas exigieron pagos pendientes.<\/p>\n\n\n\n<p>En el palacio municipal de Santa Luc\u00eda, habitantes de la colonia Fernando G\u00f3mez Sandoval protestaron por en\u00e9sima ocasi\u00f3n contra el edil Dante Monta\u00f1o Montero, para exigir atenci\u00f3n a su demanda de rehabilitaci\u00f3n del sistema de drenaje.<\/p>\n\n\n\n<figure class=\"wp-block-embed-twitter wp-block-embed is-type-rich is-provider-twitter\"><div class=\"wp-block-embed__wrapper\">\n<div class=\"twitter-tweet\"><blockquote class=\"twitter-tweet\" data-lang=\"es\"><p lang=\"es\" dir=\"ltr\"><a href=\"https:\/\/twitter.com\/hashtag\/%C3%9AltimoMinuto?src=hash&amp;ref_src=twsrc%5Etfw\">#\u00daltimoMinuto<\/a> <br>\u00a1Otra vez <a href=\"https:\/\/twitter.com\/DANTEMONTANO?ref_src=twsrc%5Etfw\">@dantemontano<\/a>! <br>Por tercera ocasi\u00f3n en menos de un mes, habitantes del la colonia Fernando G\u00f3mez Sandoval protestan contra el <a href=\"https:\/\/twitter.com\/MunSantaLucia?ref_src=twsrc%5Etfw\">@MunSantaLucia<\/a>. <br>Edil no le da respuestas a obras de drenaje que demandan. <a href=\"https:\/\/t.co\/tXVFAtmHGG\">pic.twitter.com\/tXVFAtmHGG<\/a><\/p>&mdash; Zona Roja Oaxaca (@Zona_Roja_Oax) <a href=\"https:\/\/twitter.com\/Zona_Roja_Oax\/status\/1414709787095408644?ref_src=twsrc%5Etfw\">12 de julio de 2021<\/a><\/blockquote><\/div>\n<\/div><\/figure>\n\n\n\n<p>Por la tarde, fueron citados en Ciudad Administrativa, en la Secretar\u00eda General de Gobierno (Segego), pero en ausencia del presidente municipal, reanudaron su protesta.<\/p>\n\n\n\n<p>En el Instituto Estatal de Educaci\u00f3n para Adultos (IEEA) las protestas se extendieron tanto en la ciudad de Oaxaca como en el interior del estado, sin que hasta esta noche hayan tenido respuesta los sindicalizados.<\/p>\n\n\n\n<p>En la regi\u00f3n del Istmo de Tehuantepec se registraron dos bloqueos temporales, uno de ellos en la carretera que comunica a Tehuanepec con Salina Cruz, por parte de comuneros y habitantes de la colonia L\u00e1zaro C\u00e1rdenas.<\/p>\n\n\n\n<p>Otro fue en el entronque de la carretera Trans\u00edstmica con La Ventosa, Juchit\u00e1n de Zaragoza, que tambi\u00e9n fue temporal.<\/p>\n\n\n\n<figure class=\"wp-block-embed-twitter wp-block-embed is-type-rich is-provider-twitter\"><div class=\"wp-block-embed__wrapper\">\n<div class=\"twitter-tweet\"><blockquote class=\"twitter-tweet\" data-lang=\"es\"><p lang=\"es\" dir=\"ltr\"><a href=\"https:\/\/twitter.com\/hashtag\/%C3%9AltimoMinuto?src=hash&amp;ref_src=twsrc%5Etfw\">#\u00daltimoMinuto<\/a> <br>Comerciantes del mercado \u201c20 de Noviembre\u201d de la capital de <a href=\"https:\/\/twitter.com\/hashtag\/Oaxaca?src=hash&amp;ref_src=twsrc%5Etfw\">#Oaxaca<\/a>, y otros centros comerciales populares, protestaron hoy contra la construcci\u00f3n del Centro Gastron\u00f3mico, ante la nula transparencia y afectaciones que tendr\u00e1n los vendedores locales. <a href=\"https:\/\/t.co\/dbiRYf3YAK\">pic.twitter.com\/dbiRYf3YAK<\/a><\/p>&mdash; Zona Roja Oaxaca (@Zona_Roja_Oax) <a href=\"https:\/\/twitter.com\/Zona_Roja_Oax\/status\/1414623016726716419?ref_src=twsrc%5Etfw\">12 de julio de 2021<\/a><\/blockquote><\/div>\n<\/div><\/figure>\n","protected":false},"excerpt":{"rendered":"<p>Ismael Garc\u00eda M.\/Zona Roja. Oaxaca de Ju\u00e1rez, Oax., 12 de julio de 2021.- Al menos&hellip;<\/p>\n","protected":false},"author":2,"featured_media":29659,"comment_status":"closed","ping_status":"open","sticky":false,"template":"","format":"standard","meta":{"_lmt_disableupdate":"","_lmt_disable":"","_jetpack_memberships_contains_paid_content":false,"footnotes":""},"categories":[109,47],"tags":[2264],"class_list":["post-29658","post","type-post","status-publish","format-standard","has-post-thumbnail","hentry","category-minuto-a-minuto","category-zona-gris","tag-bloqueos-y-protestas-oaxaca"],"jetpack_featured_media_url":"https:\/\/zonaroja.com.mx\/wp-content\/uploads\/2021\/07\/Bloqueo-ENSFO-ciudad-de-Oaxaca.jpg","jetpack_sharing_enabled":true,"_links":{"self":[{"href":"https:\/\/zonaroja.com.mx\/index.php?rest_route=\/wp\/v2\/posts\/29658","targetHints":{"allow":["GET"]}}],"collection":[{"href":"https:\/\/zonaroja.com.mx\/index.php?rest_route=\/wp\/v2\/posts"}],"about":[{"href":"https:\/\/zonaroja.com.mx\/index.php?rest_route=\/wp\/v2\/types\/post"}],"author":[{"embeddable":true,"href":"https:\/\/zonaroja.com.mx\/index.php?rest_route=\/wp\/v2\/users\/2"}],"replies":[{"embeddable":true,"href":"https:\/\/zonaroja.com.mx\/index.php?rest_route=%2Fwp%2Fv2%2Fcomments&post=29658"}],"version-history":[{"count":1,"href":"https:\/\/zonaroja.com.mx\/index.php?rest_route=\/wp\/v2\/posts\/29658\/revisions"}],"predecessor-version":[{"id":29660,"href":"https:\/\/zonaroja.com.mx\/index.php?rest_route=\/wp\/v2\/posts\/29658\/revisions\/29660"}],"wp:featuredmedia":[{"embeddable":true,"href":"https:\/\/zonaroja.com.mx\/index.php?rest_route=\/wp\/v2\/media\/29659"}],"wp:attachment":[{"href":"https:\/\/zonaroja.com.mx\/index.php?rest_route=%2Fwp%2Fv2%2Fmedia&parent=29658"}],"wp:term":[{"taxonomy":"category","embeddable":true,"href":"https:\/\/zonaroja.com.mx\/index.php?rest_route=%2Fwp%2Fv2%2Fcategories&post=29658"},{"taxonomy":"post_tag","embeddable":true,"href":"https:\/\/zonaroja.com.mx\/index.php?rest_route=%2Fwp%2Fv2%2Ftags&post=29658"}],"curies":[{"name":"wp","href":"https:\/\/api.w.org\/{rel}","templated":true}]}}