{"id":29661,"date":"2021-07-12T22:10:04","date_gmt":"2021-07-13T03:10:04","guid":{"rendered":"http:\/\/www.zonaroja.com.mx\/?p=29661"},"modified":"2021-07-12T22:10:07","modified_gmt":"2021-07-13T03:10:07","slug":"asesinan-a-un-individuo-en-juchitan-y-otro-en-acatlan-balazos-en-amilpas","status":"publish","type":"post","link":"https:\/\/zonaroja.com.mx\/?p=29661","title":{"rendered":"Asesinan a un individuo en Juchit\u00e1n y otro en Acatl\u00e1n; balazos en Amilpas"},"content":{"rendered":"\n<p>Redacci\u00f3n\/Zona Roja.<\/p>\n\n\n\n<p>Oaxaca de Ju\u00e1rez, Oax., 12 de julio de 2021.- Al menos seis personas perdieron la vida de manera violenta este lunes en Oaxaca, dos de ellas por disparos de arma de fuego y una por suicido, adem\u00e1s de registrarse un enfrentamiento armado entre transportistas en la regi\u00f3n Valles Centrales.<\/p>\n\n\n\n<p>En el Acatl\u00e1n de P\u00e9rez Figueroa, regi\u00f3n Cuenca, la ma\u00f1ana de hoy fue asesinado un individuo, cuyo cuerpo se localiz\u00f3 a la orilla de la carretera que conduce a San Jos\u00e9 Cosolapa, a la altura de la localidad La Estrella.<\/p>\n\n\n\n<p>La v\u00edctima presentaba varios disparos de arma de fuego y fue identificada de manera preliminar como Juan Carlos Hern\u00e1ndez Mena, quien era originario de Cosolapa.<\/p>\n\n\n\n<p>En la ma\u00f1ana tambi\u00e9n pero en Juchit\u00e1n de Zaragoza, fue ultimado a balazos el trabajador de una zapater\u00eda denominada \u201cArther\u201d, en la avenida 16 de Septiembre esquina con Hidalgo.<\/p>\n\n\n\n<p>El joven fue abordado por sujetos armados que le intentaron arrebatar sus pertenencias, entre ellas una mochila; pero al resistirse al asalto, fue baleado. La v\u00edctima no ha sido a\u00fan identificada y tampoco hay indicios de los homicidas.<\/p>\n\n\n\n<p>En un domicilio de la calle Vida Eterna de la  Tercera Secci\u00f3n del municipio de San Antonio de la Cal, un hombre de 35 a\u00f1os de edad aproximadamente, se quit\u00f3 la vida colg\u00e1ndose una soga al cuello.<\/p>\n\n\n\n<p>Por otra parte, en la ma\u00f1ana de hoy se suscit\u00f3 un accidente en la carretera Panamericana, en el tramo que conduce de La Venta a Santo Domingo Ingenio.<\/p>\n\n\n\n<p>Se trat\u00f3 de un taxi de Juchit\u00e1n de Zaragoza con n\u00famero econ\u00f3mico 16-096 que se impact\u00f3 con una camioneta marca Chevrolet, tipo Cheyene, con placas de circulaci\u00f3n CW-4860C de Chiapas, as\u00ed como una motocicleta.<\/p>\n\n\n\n<p>Del auto compacto fallecieron el chofer Cecilio L\u00f3pez Castellanos y dos pasajeros, a\u00fan no identificados; hasta el momento no se ha determinado la responsabilidad de las partes.<\/p>\n\n\n\n<p>Mientras que esta tarde, en inmediaciones de la colonia Llano Verde del municipio de Santa Cruz Amilpas, conurbado a la capital por la zona poniente, se suscit\u00f3 un enfrentamiento armado, presuntamente entre transportistas; hasta el momento no se ha determinado el n\u00famero de personas lesionadas.<\/p>\n","protected":false},"excerpt":{"rendered":"<p>Redacci\u00f3n\/Zona Roja. Oaxaca de Ju\u00e1rez, Oax., 12 de julio de 2021.- Al menos seis personas&hellip;<\/p>\n","protected":false},"author":2,"featured_media":29662,"comment_status":"closed","ping_status":"open","sticky":false,"template":"","format":"standard","meta":{"_lmt_disableupdate":"","_lmt_disable":"","_jetpack_memberships_contains_paid_content":false,"footnotes":""},"categories":[109,51],"tags":[123],"class_list":["post-29661","post","type-post","status-publish","format-standard","has-post-thumbnail","hentry","category-minuto-a-minuto","category-zona-roja","tag-juchitan-de-zaragoza"],"jetpack_featured_media_url":"https:\/\/zonaroja.com.mx\/wp-content\/uploads\/2021\/07\/Ejecutado-Juchitan.jpg","jetpack_sharing_enabled":true,"_links":{"self":[{"href":"https:\/\/zonaroja.com.mx\/index.php?rest_route=\/wp\/v2\/posts\/29661","targetHints":{"allow":["GET"]}}],"collection":[{"href":"https:\/\/zonaroja.com.mx\/index.php?rest_route=\/wp\/v2\/posts"}],"about":[{"href":"https:\/\/zonaroja.com.mx\/index.php?rest_route=\/wp\/v2\/types\/post"}],"author":[{"embeddable":true,"href":"https:\/\/zonaroja.com.mx\/index.php?rest_route=\/wp\/v2\/users\/2"}],"replies":[{"embeddable":true,"href":"https:\/\/zonaroja.com.mx\/index.php?rest_route=%2Fwp%2Fv2%2Fcomments&post=29661"}],"version-history":[{"count":1,"href":"https:\/\/zonaroja.com.mx\/index.php?rest_route=\/wp\/v2\/posts\/29661\/revisions"}],"predecessor-version":[{"id":29663,"href":"https:\/\/zonaroja.com.mx\/index.php?rest_route=\/wp\/v2\/posts\/29661\/revisions\/29663"}],"wp:featuredmedia":[{"embeddable":true,"href":"https:\/\/zonaroja.com.mx\/index.php?rest_route=\/wp\/v2\/media\/29662"}],"wp:attachment":[{"href":"https:\/\/zonaroja.com.mx\/index.php?rest_route=%2Fwp%2Fv2%2Fmedia&parent=29661"}],"wp:term":[{"taxonomy":"category","embeddable":true,"href":"https:\/\/zonaroja.com.mx\/index.php?rest_route=%2Fwp%2Fv2%2Fcategories&post=29661"},{"taxonomy":"post_tag","embeddable":true,"href":"https:\/\/zonaroja.com.mx\/index.php?rest_route=%2Fwp%2Fv2%2Ftags&post=29661"}],"curies":[{"name":"wp","href":"https:\/\/api.w.org\/{rel}","templated":true}]}}