{"id":29664,"date":"2021-07-12T22:20:26","date_gmt":"2021-07-13T03:20:26","guid":{"rendered":"http:\/\/www.zonaroja.com.mx\/?p=29664"},"modified":"2021-07-12T22:20:29","modified_gmt":"2021-07-13T03:20:29","slug":"arrojan-vacunas-anticovid-680-personas-con-reacciones-12-casos-son-graves","status":"publish","type":"post","link":"https:\/\/zonaroja.com.mx\/?p=29664","title":{"rendered":"Arrojan vacunas antiCovid 680 personas con reacciones; 12 casos son graves"},"content":{"rendered":"\n<p>Redacci\u00f3n\/Zona Roja.<\/p>\n\n\n\n<p>Oaxaca de Ju\u00e1rez, Oax. 12 de julio de 2021.- Los Servicios de Salud de Oaxaca (SSO) informan que, al corte epidemiol\u00f3gico de este lunes se han registrado 66 casos nuevos de Covid-19 y ninguna defunci\u00f3n, sumando 49 mil 877 casos acumulados y tres mil 991 p\u00e9rdidas de vidas humanas; hay 822 casos activos de la enfermedad.<\/p>\n\n\n\n<p>Se han notificado 86 mil 529 casos, de los cuales 31 mil 622 han sido negativos, hay cinco mil 30 casos sospechosos, y 45 mil 064 se han recuperado.<\/p>\n\n\n\n<p>En relaci\u00f3n al panorama jurisdiccional, Valles Centrales registra 33 mil 115 casos confirmados y mil 920 defunciones; Istmo cinco mil 070 casos confirmados y 768 decesos, Tuxtepec tres mil 046 casos confirmados y 355 fallecimientos; Costa dos mil 748 casos confirmados y 316 muertes; Mixteca cuatro mil 116 casos y 408 defunciones; Sierra mil 782 casos y 224 muertes.<\/p>\n\n\n\n<p>Los 66 casos nuevos de Covid-19 afectan a 17 municipios, siendo el de Salina Cruz el que ocupa el primer lugar con 16, Santa Mar\u00eda Huatulco 13, Oaxaca de Ju\u00e1rez y San Pedro Mixtepec 10 cada uno; Magdalena Apasco, San Jacinto Amilpas, Santo Domingo Tehuantepec y Villa de Zaachila dos cada uno, el resto un solo caso.<\/p>\n\n\n\n<p>La instituci\u00f3n detalla que en relaci\u00f3n a Eventos Supuestamente Atribuibles a la Vacunaci\u00f3n e Inmunizaci\u00f3n (ESAVI) por la vacuna Pfizer-BioNTech, se han notificado en total 680 casos, 12 casos graves y 668 no graves, los s\u00edntomas m\u00e1s frecuentes fueron: cefalea, dolor o sensibilidad local, astenia y mialgias.<\/p>\n\n\n\n<figure class=\"wp-block-embed-twitter wp-block-embed is-type-rich is-provider-twitter\"><div class=\"wp-block-embed__wrapper\">\n<div class=\"twitter-tweet\"><blockquote class=\"twitter-tweet\" data-lang=\"es\"><p lang=\"es\" dir=\"ltr\"><a href=\"https:\/\/twitter.com\/hashtag\/%C3%9AltimoMinuto?src=hash&amp;ref_src=twsrc%5Etfw\">#\u00daltimoMinuto<\/a><br>En el caso de <a href=\"https:\/\/twitter.com\/hashtag\/Oaxaca?src=hash&amp;ref_src=twsrc%5Etfw\">#Oaxaca<\/a>, los Servicios de Salud reportaron este lunes cero defunciones, con lo que la cifra permanece en 3 mil 991 decesos.<br>Adem\u00e1s, 66 casos positivos, con lo que se acumulan 49 mil 877 casos confirmados.<br>Hay 6 hospitales saturados de pacientes. <a href=\"https:\/\/t.co\/g9wNml5fde\">pic.twitter.com\/g9wNml5fde<\/a><\/p>&mdash; Zona Roja Oaxaca (@Zona_Roja_Oax) <a href=\"https:\/\/twitter.com\/Zona_Roja_Oax\/status\/1414762651981389824?ref_src=twsrc%5Etfw\">13 de julio de 2021<\/a><\/blockquote><\/div>\n<\/div><\/figure>\n\n\n\n<p>En relaci\u00f3n a la vacuna de AstraZeneca, se notificaron 49 casos, de los cuales uno fue grave, y 48 no graves, que presentaron principalmente cefalea, fiebre, mialgias, y escalofr\u00edos. De la vacuna SINOVAC se notificaron 29 casos, de los cuales tres fueron graves y 26 no graves, presentaron dolor o sensibilidad local, mareos, astenia y adinamia.&nbsp;&nbsp;<\/p>\n\n\n\n<p>De la vacuna Cansino Biologics, se han notificado 57 casos, todos en primera dosis, cinco graves y 52 no graves, los s\u00edntomas que presentaron son: astenia, adinamia, n\u00e1useas y mareos.<\/p>\n\n\n\n<p>Hay 359 camas en total para la atenci\u00f3n de pacientes COVID-19, de las cuales 125 est\u00e1n ocupadas y disponibles 234, seis hospitales registran un 100% de ocupaci\u00f3n, hay 12 nuevos hospitalizados con un 34.8% de ocupaci\u00f3n global.<\/p>\n\n\n\n<p>Finalmente, los SSO exhortan a las y los turistas nacionales y extranjeros continuar con las medidas sanitarias como el uso del cubrebocas en espacios p\u00fablicos y cerrados, mantener la sana distancia y el lavado de manos. Asimismo, a los prestadores de servicios para que no bajen la guardia, ya que la pandemia contin\u00faa, por lo que la participaci\u00f3n de todas y todos es fundamental para disminuir los contagios.<\/p>\n","protected":false},"excerpt":{"rendered":"<p>Redacci\u00f3n\/Zona Roja. Oaxaca de Ju\u00e1rez, Oax. 12 de julio de 2021.- Los Servicios de Salud&hellip;<\/p>\n","protected":false},"author":2,"featured_media":29665,"comment_status":"closed","ping_status":"open","sticky":false,"template":"","format":"standard","meta":{"_lmt_disableupdate":"","_lmt_disable":"","_jetpack_memberships_contains_paid_content":false,"footnotes":""},"categories":[109,47],"tags":[1512],"class_list":["post-29664","post","type-post","status-publish","format-standard","has-post-thumbnail","hentry","category-minuto-a-minuto","category-zona-gris","tag-coronavirus-oaxaca"],"jetpack_featured_media_url":"https:\/\/zonaroja.com.mx\/wp-content\/uploads\/2021\/07\/SSO-2.jpeg","jetpack_sharing_enabled":true,"_links":{"self":[{"href":"https:\/\/zonaroja.com.mx\/index.php?rest_route=\/wp\/v2\/posts\/29664","targetHints":{"allow":["GET"]}}],"collection":[{"href":"https:\/\/zonaroja.com.mx\/index.php?rest_route=\/wp\/v2\/posts"}],"about":[{"href":"https:\/\/zonaroja.com.mx\/index.php?rest_route=\/wp\/v2\/types\/post"}],"author":[{"embeddable":true,"href":"https:\/\/zonaroja.com.mx\/index.php?rest_route=\/wp\/v2\/users\/2"}],"replies":[{"embeddable":true,"href":"https:\/\/zonaroja.com.mx\/index.php?rest_route=%2Fwp%2Fv2%2Fcomments&post=29664"}],"version-history":[{"count":1,"href":"https:\/\/zonaroja.com.mx\/index.php?rest_route=\/wp\/v2\/posts\/29664\/revisions"}],"predecessor-version":[{"id":29666,"href":"https:\/\/zonaroja.com.mx\/index.php?rest_route=\/wp\/v2\/posts\/29664\/revisions\/29666"}],"wp:featuredmedia":[{"embeddable":true,"href":"https:\/\/zonaroja.com.mx\/index.php?rest_route=\/wp\/v2\/media\/29665"}],"wp:attachment":[{"href":"https:\/\/zonaroja.com.mx\/index.php?rest_route=%2Fwp%2Fv2%2Fmedia&parent=29664"}],"wp:term":[{"taxonomy":"category","embeddable":true,"href":"https:\/\/zonaroja.com.mx\/index.php?rest_route=%2Fwp%2Fv2%2Fcategories&post=29664"},{"taxonomy":"post_tag","embeddable":true,"href":"https:\/\/zonaroja.com.mx\/index.php?rest_route=%2Fwp%2Fv2%2Ftags&post=29664"}],"curies":[{"name":"wp","href":"https:\/\/api.w.org\/{rel}","templated":true}]}}