{"id":29667,"date":"2021-07-13T07:34:08","date_gmt":"2021-07-13T12:34:08","guid":{"rendered":"http:\/\/www.zonaroja.com.mx\/?p=29667"},"modified":"2021-07-13T07:34:10","modified_gmt":"2021-07-13T12:34:10","slug":"incumplen-autoridades-con-sentencia-de-tribunal-colegiado-en-ayutla","status":"publish","type":"post","link":"https:\/\/zonaroja.com.mx\/?p=29667","title":{"rendered":"Incumplen autoridades con sentencia de Tribunal Colegiado en Ayutla"},"content":{"rendered":"\n<p>Ismael Garc\u00eda M.\/Zona Roja.<\/p>\n\n\n\n<p>Oaxaca de Ju\u00e1rez, Oax., 13 de julio de 2021.- El gobierno de Oaxaca y el federal incumplieron con la sentencia sobre el amparo 795\/2017 de un Tribunal Colegiado de Circuito del Poder Judicial de la Federaci\u00f3n, al no reconectar el servicio de agua potable para San Pedro y San Pablo Ayutla Mixe.<\/p>\n\n\n\n<p>La orden hab\u00eda establecido un plazo de tres d\u00edas h\u00e1biles, mismo que feneci\u00f3 ayer, sin que se hubiera instruido la medida que, en caso de desacato, ordena una multa de ocho mil 962 pesos, separaci\u00f3n de su puesto de la o las autoridades responsables y en su caso su consignaci\u00f3n ante la autoridad ministerial competente.<\/p>\n\n\n\n<p>Una de las activistas que ha promovido a nivel nacional e internacional la exigencia de reconexi\u00f3n del agua es Y\u00e1snaya Elena Aguilar, quien lament\u00f3 el incumplimiento por parte del gobierno de Alejandro Murat Hinojosa.<\/p>\n\n\n\n<p>Despu\u00e9s de un largo proceso, el pasado 24 de junio de 2021, el Segundo Tribunal Colegiado de Circuito de Cholula, Puebla, confirm\u00f3 la sentencia dictada en primera instancia por lo que el Gobierno del Estado, la Comisi\u00f3n Estatal del Agua, la Secretaria General del Gobierno, la Comisi\u00f3n Nacional del Agua y las autoridades municipales de Tamazul\u00e1pam, todas autoridades responsables deber\u00e1n acatar dicho fallo y garantizar el derecho al agua de la comunidad, restituyendo el pleno goce de este derecho y la reconexi\u00f3n al manantial para abastecer de agua a Ayutla.<\/p>\n\n\n\n<p>Desde 2017, habitantes de San Pedro y San Pablo Ayutla han enfrentado una serie de violaciones a sus derechos y agresiones derivadas de la problem\u00e1tica por falta del vital l\u00edquido por parte de sus vecinos de Tamazul\u00e1pam del Esp\u00edritu Santo, cuya disputa ha dejado una persona fallecida, mujeres secuestradas y heridos.<\/p>\n\n\n\n<p>La situaci\u00f3n fue documentada ampliamente desde la Red Nacional de Organismos Civiles de Derechos Humanos \u201cTodos los Derechos para Todas y Todos\u201d (Red TDT) durante la Misi\u00f3n Civil de Observaci\u00f3n Ayutla Mixe realizada en el a\u00f1o 2019 y en cuyo seguimiento se ha constatado que a\u00fan persisten.<\/p>\n\n\n\n<p>Como parte de las acciones jur\u00eddicas emprendidas por la comunidad, se interpuso el amparo 795\/2017 para que se garantizara el derecho humano al agua potable para los habitantes.<\/p>\n\n\n\n<p>En julio del 2020 se dict\u00f3 sentencia favorable para ordenar la reconexi\u00f3n inmediata, sin embargo, las autoridades solicitaron la revisi\u00f3n de la misma.<\/p>\n\n\n\n<p>Ahora, mediante la notificaci\u00f3n de la ejecutoria de la sentencia confirmada, el Poder Judicial ordena a las autoridades a cumplir con el contenido de la misma en un plazo de tres d\u00edas h\u00e1biles.<\/p>\n\n\n\n<p>El pasado viernes, las autoridades municipales, agrarias y auxiliares de San Pedro y San Pablo Ayutla y de Tamazul\u00e1pam del Esp\u00edritu Santo, emitieron un comunicado conjunto, en que pidieron a autoridades judiciales y administrativas, as\u00ed como particulares, no inmiscuirse en su problem\u00e1tica y permitirles solucionar sus conflictos, del agua como agrario, de manera interna.<\/p>\n","protected":false},"excerpt":{"rendered":"<p>Ismael Garc\u00eda M.\/Zona Roja. Oaxaca de Ju\u00e1rez, Oax., 13 de julio de 2021.- El gobierno&hellip;<\/p>\n","protected":false},"author":2,"featured_media":21028,"comment_status":"closed","ping_status":"open","sticky":false,"template":"","format":"standard","meta":{"_lmt_disableupdate":"","_lmt_disable":"","_jetpack_memberships_contains_paid_content":false,"footnotes":""},"categories":[109,47],"tags":[501],"class_list":["post-29667","post","type-post","status-publish","format-standard","has-post-thumbnail","hentry","category-minuto-a-minuto","category-zona-gris","tag-san-pedro-y-san-pablo-ayutla-mixe"],"jetpack_featured_media_url":"https:\/\/zonaroja.com.mx\/wp-content\/uploads\/2020\/12\/Agua-para-Ayutla-ya.jpg","jetpack_sharing_enabled":true,"_links":{"self":[{"href":"https:\/\/zonaroja.com.mx\/index.php?rest_route=\/wp\/v2\/posts\/29667","targetHints":{"allow":["GET"]}}],"collection":[{"href":"https:\/\/zonaroja.com.mx\/index.php?rest_route=\/wp\/v2\/posts"}],"about":[{"href":"https:\/\/zonaroja.com.mx\/index.php?rest_route=\/wp\/v2\/types\/post"}],"author":[{"embeddable":true,"href":"https:\/\/zonaroja.com.mx\/index.php?rest_route=\/wp\/v2\/users\/2"}],"replies":[{"embeddable":true,"href":"https:\/\/zonaroja.com.mx\/index.php?rest_route=%2Fwp%2Fv2%2Fcomments&post=29667"}],"version-history":[{"count":1,"href":"https:\/\/zonaroja.com.mx\/index.php?rest_route=\/wp\/v2\/posts\/29667\/revisions"}],"predecessor-version":[{"id":29668,"href":"https:\/\/zonaroja.com.mx\/index.php?rest_route=\/wp\/v2\/posts\/29667\/revisions\/29668"}],"wp:featuredmedia":[{"embeddable":true,"href":"https:\/\/zonaroja.com.mx\/index.php?rest_route=\/wp\/v2\/media\/21028"}],"wp:attachment":[{"href":"https:\/\/zonaroja.com.mx\/index.php?rest_route=%2Fwp%2Fv2%2Fmedia&parent=29667"}],"wp:term":[{"taxonomy":"category","embeddable":true,"href":"https:\/\/zonaroja.com.mx\/index.php?rest_route=%2Fwp%2Fv2%2Fcategories&post=29667"},{"taxonomy":"post_tag","embeddable":true,"href":"https:\/\/zonaroja.com.mx\/index.php?rest_route=%2Fwp%2Fv2%2Ftags&post=29667"}],"curies":[{"name":"wp","href":"https:\/\/api.w.org\/{rel}","templated":true}]}}