{"id":29669,"date":"2021-07-13T07:46:39","date_gmt":"2021-07-13T12:46:39","guid":{"rendered":"http:\/\/www.zonaroja.com.mx\/?p=29669"},"modified":"2021-07-13T07:46:42","modified_gmt":"2021-07-13T12:46:42","slug":"fortalece-la-sspo-valores-civicos-en-curso-de-verano-para-hijas-e-hijos-de-policias","status":"publish","type":"post","link":"https:\/\/zonaroja.com.mx\/?p=29669","title":{"rendered":"Fortalece la SSPO valores c\u00edvicos en curso de verano para hijas e hijos de polic\u00edas"},"content":{"rendered":"\n<p>Redacci\u00f3n\/Zona Roja.<\/p>\n\n\n\n<p>Oaxaca de Ju\u00e1rez, Oax., 13 de julio de 2021.- Fortalecer valores como el respeto mutuo, libertad de expresi\u00f3n y construcci\u00f3n colectiva de reglas, son algunos de los objetivos del Curso de Verano que se lleva a cabo para las hijas e hijos de elementos de la Polic\u00eda Estatal, proyecto impulsado por el Gobierno del Estado, en coordinaci\u00f3n con la Secretar\u00eda de Seguridad P\u00fablica de Oaxaca (SSPO).<\/p>\n\n\n\n<p>Este curso se realiza del 12 al 30 de julio en las instalaciones del Instituto de Profesionalizaci\u00f3n, ubicado en San Sebasti\u00e1n, Etla, y es dirigido a ni\u00f1as, ni\u00f1os y adolescentes de siete a 14 a\u00f1os de edad.<\/p>\n\n\n\n<p>A trav\u00e9s de diversas actividades, se pretende acercar a las y los participantes las diversas expresiones art\u00edsticas, culturales y deportivas, as\u00ed como en el reforzamiento en el aprendizaje de los contenidos del plan y programas de estudio del b\u00e1sico (ingl\u00e9s y computaci\u00f3n); adem\u00e1s, se promueve el conocimiento y la prevenci\u00f3n a trav\u00e9s de la ciencia y el uso responsable de la tecnolog\u00eda.<\/p>\n\n\n\n<figure class=\"wp-block-embed-twitter wp-block-embed is-type-rich is-provider-twitter\"><div class=\"wp-block-embed__wrapper\">\n<div class=\"twitter-tweet\"><blockquote class=\"twitter-tweet\" data-lang=\"es\"><p lang=\"es\" dir=\"ltr\">A trav\u00e9s del <a href=\"https:\/\/twitter.com\/hashtag\/CursoDeVerano2021?src=hash&amp;ref_src=twsrc%5Etfw\">#CursoDeVerano2021<\/a>\u201cPrevenci\u00f3n y Aprendizaje van de la mano\u201d, que se desarrolla en el <a href=\"https:\/\/twitter.com\/hashtag\/InstitutoDeProfesionalizaci%C3%B3n?src=hash&amp;ref_src=twsrc%5Etfw\">#InstitutoDeProfesionalizaci\u00f3n<\/a>, fomentamos valores de lealtad, honor y justicia en hijos e hijas de elementos de la <a href=\"https:\/\/twitter.com\/Policia_GobOax?ref_src=twsrc%5Etfw\">@Policia_GobOax<\/a>.<a href=\"https:\/\/twitter.com\/GobOax?ref_src=twsrc%5Etfw\">@GobOax<\/a> <a href=\"https:\/\/twitter.com\/alejandromurat?ref_src=twsrc%5Etfw\">@alejandromurat<\/a> <a href=\"https:\/\/twitter.com\/Heliodoro_hcde?ref_src=twsrc%5Etfw\">@Heliodoro_hcde<\/a> <a href=\"https:\/\/t.co\/8MvIkgoJbO\">pic.twitter.com\/8MvIkgoJbO<\/a><\/p>&mdash; Sr\u00eda. Seg. P\u00fab. Oax. (@SSP_GobOax) <a href=\"https:\/\/twitter.com\/SSP_GobOax\/status\/1414764599006662658?ref_src=twsrc%5Etfw\">13 de julio de 2021<\/a><\/blockquote><\/div>\n<\/div><\/figure>\n\n\n\n<p>El gobernador Alejandro Murat Hinojosa y el titular de la SSPO, Helidoro D\u00edaz Esc\u00e1rraga, plantean la necesidad de apostar por un modelo educativo y una metodolog\u00eda que desarrolle en las ni\u00f1as y ni\u00f1os, una serie de valores a trav\u00e9s de la realizaci\u00f3n de actividades l\u00fadicas y recreativas que ayuden a utilizar su tiempo libre de forma constructiva, a la vez que satisfagan sus motivaciones, intereses y emociones.<\/p>\n\n\n\n<p>La SSPO brinda estos espacios para acercar e integrar a los menores de edad en actividades que fortalezcan sus valores, para sumarse a la formaci\u00f3n de una sociedad m\u00e1s justa, equitativa y solidaria.<\/p>\n","protected":false},"excerpt":{"rendered":"<p>Redacci\u00f3n\/Zona Roja. Oaxaca de Ju\u00e1rez, Oax., 13 de julio de 2021.- Fortalecer valores como el&hellip;<\/p>\n","protected":false},"author":2,"featured_media":29670,"comment_status":"closed","ping_status":"open","sticky":false,"template":"","format":"standard","meta":{"_lmt_disableupdate":"","_lmt_disable":"","_jetpack_memberships_contains_paid_content":false,"footnotes":""},"categories":[109,46],"tags":[175],"class_list":["post-29669","post","type-post","status-publish","format-standard","has-post-thumbnail","hentry","category-minuto-a-minuto","category-zona-blanca","tag-secretaria-de-seguridad-publica-de-oaxaca"],"jetpack_featured_media_url":"https:\/\/zonaroja.com.mx\/wp-content\/uploads\/2021\/07\/SSPO-Curso-Verano-3.jpeg","jetpack_sharing_enabled":true,"_links":{"self":[{"href":"https:\/\/zonaroja.com.mx\/index.php?rest_route=\/wp\/v2\/posts\/29669","targetHints":{"allow":["GET"]}}],"collection":[{"href":"https:\/\/zonaroja.com.mx\/index.php?rest_route=\/wp\/v2\/posts"}],"about":[{"href":"https:\/\/zonaroja.com.mx\/index.php?rest_route=\/wp\/v2\/types\/post"}],"author":[{"embeddable":true,"href":"https:\/\/zonaroja.com.mx\/index.php?rest_route=\/wp\/v2\/users\/2"}],"replies":[{"embeddable":true,"href":"https:\/\/zonaroja.com.mx\/index.php?rest_route=%2Fwp%2Fv2%2Fcomments&post=29669"}],"version-history":[{"count":1,"href":"https:\/\/zonaroja.com.mx\/index.php?rest_route=\/wp\/v2\/posts\/29669\/revisions"}],"predecessor-version":[{"id":29671,"href":"https:\/\/zonaroja.com.mx\/index.php?rest_route=\/wp\/v2\/posts\/29669\/revisions\/29671"}],"wp:featuredmedia":[{"embeddable":true,"href":"https:\/\/zonaroja.com.mx\/index.php?rest_route=\/wp\/v2\/media\/29670"}],"wp:attachment":[{"href":"https:\/\/zonaroja.com.mx\/index.php?rest_route=%2Fwp%2Fv2%2Fmedia&parent=29669"}],"wp:term":[{"taxonomy":"category","embeddable":true,"href":"https:\/\/zonaroja.com.mx\/index.php?rest_route=%2Fwp%2Fv2%2Fcategories&post=29669"},{"taxonomy":"post_tag","embeddable":true,"href":"https:\/\/zonaroja.com.mx\/index.php?rest_route=%2Fwp%2Fv2%2Ftags&post=29669"}],"curies":[{"name":"wp","href":"https:\/\/api.w.org\/{rel}","templated":true}]}}