{"id":29675,"date":"2021-07-13T07:54:02","date_gmt":"2021-07-13T12:54:02","guid":{"rendered":"http:\/\/www.zonaroja.com.mx\/?p=29675"},"modified":"2021-07-13T07:54:04","modified_gmt":"2021-07-13T12:54:04","slug":"reconocen-a-oaxaca-como-estado-pionero-en-justicia-alternativa","status":"publish","type":"post","link":"https:\/\/zonaroja.com.mx\/?p=29675","title":{"rendered":"Reconocen a Oaxaca como estado pionero en Justicia Alternativa"},"content":{"rendered":"\n<p>Redacci\u00f3n\/Zona Roja.<\/p>\n\n\n\n<p>Oaxaca de Ju\u00e1rez, Oax., 13 de julio de 2021.- Al formalizar un convenio de colaboraci\u00f3n con la Asociaci\u00f3n para la Resoluci\u00f3n de Conflictos A.C. (ARCO), primera organizaci\u00f3n nacional para mediadores en M\u00e9xico, el presidente del Tribunal Superior de Justicia y del Consejo de la Judicatura del Estado, magistrado Eduardo Pinacho S\u00e1nchez afirm\u00f3 que es necesaria la vinculaci\u00f3n y suma de esfuerzos que contribuya a que la sociedad tenga mayores alternativas para solucionar controversias y alcanzar acuerdos conciliados.<\/p>\n\n\n\n<p>Resalt\u00f3 que en Oaxaca, desde hace 20 a\u00f1os se inici\u00f3 el proceso de reconocimiento y aplicaci\u00f3n de la mediaci\u00f3n, primero como un proyecto piloto que despu\u00e9s se consolid\u00f3 y se tradujo en reformas a la Constituci\u00f3n local para reconocer a los mecanismos alternativos de soluci\u00f3n de conflictos como una forma de impartici\u00f3n de justicia, lo cual ha dado resultados positivos.<\/p>\n\n\n\n<p>En este acto, realizado en la modalidad virtual, participaron el presidente de ARCO, maestro C\u00e9sar P\u00e9rez Rojas, el director del Instituto de Justicia Alternativa del Poder Judicial de Jalisco, doctor Guillermo Ra\u00fal Zepeda Leucona; el consejero nacional de ARCO, Rafael Lobo Niembro y la presidenta de ARCO cap\u00edtulo Oaxaca, maestra Marisol Ram\u00edrez.<\/p>\n\n\n\n<p>Acompa\u00f1ado del director de Escuela Judicial, maestro H\u00e9ctor Humberto V\u00e1squez Quevedo y de la directora del Centro de Justicia Alternativa, licenciada Betzzaida Cruz Mendoza, el magistrado Pinacho S\u00e1nchez puntualiz\u00f3 que el proceso judicial no es el \u00fanico camino para la resoluci\u00f3n de un conflicto, sino que hay otras alternativas m\u00e1s convenientes y favorables a las partes que resuelven de manera pr\u00e1ctica, efectiva y positiva la situaci\u00f3n que enfrentan.<\/p>\n\n\n\n<p>En su intervenci\u00f3n en el evento protocolario, el presidente de ARCO, reconoci\u00f3 el impulso que el magistrado Pinacho S\u00e1nchez ha dado a este tema que aporta a la cultura de la paz y destac\u00f3 que mediante este convenio se fortalecer\u00e1 la colaboraci\u00f3n entre ambas instituciones, principalmente para realizar proyectos conjuntos y la formaci\u00f3n de especialistas que intervengan en la soluci\u00f3n pac\u00edfica de conflictos.<\/p>\n\n\n\n<p>Consider\u00f3 que bajo la circunstancia que nuestro pa\u00eds est\u00e1 viviendo, es de vital importancia contar con personas que puedan promover la paz, intervenir en los conflictos que la sociedad siempre vamos a tener. \u201cTener personas capacitadas y profesionales es de vital importancia\u201d, se\u00f1al\u00f3.<\/p>\n\n\n\n<p>Como parte del evento, se dict\u00f3 la conferencia magistral: \u201cPosibilidades y desaf\u00edos de la Mediaci\u00f3n Privada en M\u00e9xico\u201d, impartida por el director del Instituto de Justicia Alternativa del Poder Judicial de Jalisco, doctor Guillermo Ra\u00fal Zepeda Leucona, durante la cual mencion\u00f3 que la labor de Oaxaca en el tema de la justicia alternativa es reconocida nivel nacional.<\/p>\n\n\n\n<p>Coment\u00f3 que la mediaci\u00f3n privada est\u00e1 floreciendo y es una oportunidad para hacer justicia, contribuir con soluciones informales ce\u00f1idas a la legalidad con una cercan\u00eda, innovaci\u00f3n y flexibilidad.<\/p>\n","protected":false},"excerpt":{"rendered":"<p>Redacci\u00f3n\/Zona Roja. Oaxaca de Ju\u00e1rez, Oax., 13 de julio de 2021.- Al formalizar un convenio&hellip;<\/p>\n","protected":false},"author":2,"featured_media":29676,"comment_status":"closed","ping_status":"open","sticky":false,"template":"","format":"standard","meta":{"_lmt_disableupdate":"","_lmt_disable":"","_jetpack_memberships_contains_paid_content":false,"footnotes":""},"categories":[109,46],"tags":[223],"class_list":["post-29675","post","type-post","status-publish","format-standard","has-post-thumbnail","hentry","category-minuto-a-minuto","category-zona-blanca","tag-poder-judicial-de-oaxaca"],"jetpack_featured_media_url":"https:\/\/zonaroja.com.mx\/wp-content\/uploads\/2021\/07\/Poder-Judicial-suma-esfuerzos-para-impulsar-la-justicia-alternativa.jpg","jetpack_sharing_enabled":true,"_links":{"self":[{"href":"https:\/\/zonaroja.com.mx\/index.php?rest_route=\/wp\/v2\/posts\/29675","targetHints":{"allow":["GET"]}}],"collection":[{"href":"https:\/\/zonaroja.com.mx\/index.php?rest_route=\/wp\/v2\/posts"}],"about":[{"href":"https:\/\/zonaroja.com.mx\/index.php?rest_route=\/wp\/v2\/types\/post"}],"author":[{"embeddable":true,"href":"https:\/\/zonaroja.com.mx\/index.php?rest_route=\/wp\/v2\/users\/2"}],"replies":[{"embeddable":true,"href":"https:\/\/zonaroja.com.mx\/index.php?rest_route=%2Fwp%2Fv2%2Fcomments&post=29675"}],"version-history":[{"count":1,"href":"https:\/\/zonaroja.com.mx\/index.php?rest_route=\/wp\/v2\/posts\/29675\/revisions"}],"predecessor-version":[{"id":29677,"href":"https:\/\/zonaroja.com.mx\/index.php?rest_route=\/wp\/v2\/posts\/29675\/revisions\/29677"}],"wp:featuredmedia":[{"embeddable":true,"href":"https:\/\/zonaroja.com.mx\/index.php?rest_route=\/wp\/v2\/media\/29676"}],"wp:attachment":[{"href":"https:\/\/zonaroja.com.mx\/index.php?rest_route=%2Fwp%2Fv2%2Fmedia&parent=29675"}],"wp:term":[{"taxonomy":"category","embeddable":true,"href":"https:\/\/zonaroja.com.mx\/index.php?rest_route=%2Fwp%2Fv2%2Fcategories&post=29675"},{"taxonomy":"post_tag","embeddable":true,"href":"https:\/\/zonaroja.com.mx\/index.php?rest_route=%2Fwp%2Fv2%2Ftags&post=29675"}],"curies":[{"name":"wp","href":"https:\/\/api.w.org\/{rel}","templated":true}]}}