{"id":29678,"date":"2021-07-13T08:14:43","date_gmt":"2021-07-13T13:14:43","guid":{"rendered":"http:\/\/www.zonaroja.com.mx\/?p=29678"},"modified":"2021-07-13T08:14:45","modified_gmt":"2021-07-13T13:14:45","slug":"suman-68-activistas-y-43-periodistas-asesinados-durante-el-gobierno-de-amlo","status":"publish","type":"post","link":"https:\/\/zonaroja.com.mx\/?p=29678","title":{"rendered":"Suman 68 activistas y 43 periodistas asesinados durante el gobierno de AMLO"},"content":{"rendered":"\n<p>Redacci\u00f3n\/Zona Roja Cdmx.<\/p>\n\n\n\n<p>Ciudad de M\u00e9xico, 13 de julio de 2021.- El gobierno de M\u00e9xico inform\u00f3 este lunes que 68 defensores de los derechos humanos y activistas ambientales han sido asesinados durante la actual administraci\u00f3n, al igual que 43 periodistas.<\/p>\n\n\n\n<p>El problema alcanz\u00f3 un punto cr\u00edtico a finales de mayo y en los primeros d\u00edas de junio, cuando tres activistas fueron asesinados a tiros en distintos incidentes en el lapso de un mes.<\/p>\n\n\n\n<p>El presidente Andr\u00e9s Manuel L\u00f3pez Obrador, que asumi\u00f3 el cargo el 1 de diciembre de 2018, hab\u00eda prometido proteger a los periodistas, pero la oposici\u00f3n se ha cuestionado si el gobierno est\u00e1 haciendo lo suficiente.<\/p>\n\n\n\n<p>La Secretar\u00eda de Gobernaci\u00f3n inform\u00f3 este lunes que m\u00e1s de mil 478 activistas y periodistas han recibido protecci\u00f3n por parte del gobierno, sin embargo, nueve de los asesinados estaban en ese programa de protecci\u00f3n.<\/p>\n\n\n\n<p>Se cree que varios de los homicidios han sido ordenados por organizaciones del narcotr\u00e1fico, personas con negocios deshonestos o funcionarios corruptos, pero relativamente pocos de esos casos han sido resueltos.<\/p>\n\n\n\n<p>(Informaci\u00f3n de \u201cEl Financiero\u201d)<\/p>\n","protected":false},"excerpt":{"rendered":"<p>Redacci\u00f3n\/Zona Roja Cdmx. Ciudad de M\u00e9xico, 13 de julio de 2021.- El gobierno de M\u00e9xico&hellip;<\/p>\n","protected":false},"author":2,"featured_media":6707,"comment_status":"closed","ping_status":"open","sticky":false,"template":"","format":"standard","meta":{"_lmt_disableupdate":"","_lmt_disable":"","_jetpack_memberships_contains_paid_content":false,"footnotes":""},"categories":[109,47],"tags":[1396],"class_list":["post-29678","post","type-post","status-publish","format-standard","has-post-thumbnail","hentry","category-minuto-a-minuto","category-zona-gris","tag-agresion-a-periodistas-oaxaca"],"jetpack_featured_media_url":"https:\/\/zonaroja.com.mx\/wp-content\/uploads\/2019\/12\/Violencia-periodistas.jpg","jetpack_sharing_enabled":true,"_links":{"self":[{"href":"https:\/\/zonaroja.com.mx\/index.php?rest_route=\/wp\/v2\/posts\/29678","targetHints":{"allow":["GET"]}}],"collection":[{"href":"https:\/\/zonaroja.com.mx\/index.php?rest_route=\/wp\/v2\/posts"}],"about":[{"href":"https:\/\/zonaroja.com.mx\/index.php?rest_route=\/wp\/v2\/types\/post"}],"author":[{"embeddable":true,"href":"https:\/\/zonaroja.com.mx\/index.php?rest_route=\/wp\/v2\/users\/2"}],"replies":[{"embeddable":true,"href":"https:\/\/zonaroja.com.mx\/index.php?rest_route=%2Fwp%2Fv2%2Fcomments&post=29678"}],"version-history":[{"count":1,"href":"https:\/\/zonaroja.com.mx\/index.php?rest_route=\/wp\/v2\/posts\/29678\/revisions"}],"predecessor-version":[{"id":29679,"href":"https:\/\/zonaroja.com.mx\/index.php?rest_route=\/wp\/v2\/posts\/29678\/revisions\/29679"}],"wp:featuredmedia":[{"embeddable":true,"href":"https:\/\/zonaroja.com.mx\/index.php?rest_route=\/wp\/v2\/media\/6707"}],"wp:attachment":[{"href":"https:\/\/zonaroja.com.mx\/index.php?rest_route=%2Fwp%2Fv2%2Fmedia&parent=29678"}],"wp:term":[{"taxonomy":"category","embeddable":true,"href":"https:\/\/zonaroja.com.mx\/index.php?rest_route=%2Fwp%2Fv2%2Fcategories&post=29678"},{"taxonomy":"post_tag","embeddable":true,"href":"https:\/\/zonaroja.com.mx\/index.php?rest_route=%2Fwp%2Fv2%2Ftags&post=29678"}],"curies":[{"name":"wp","href":"https:\/\/api.w.org\/{rel}","templated":true}]}}