{"id":29681,"date":"2021-07-13T11:56:19","date_gmt":"2021-07-13T16:56:19","guid":{"rendered":"https:\/\/www.zonaroja.com.mx\/?p=29681"},"modified":"2021-07-13T12:07:08","modified_gmt":"2021-07-13T17:07:08","slug":"personal-del-hospital-civil-de-oaxaca-para-labores-denuncia-graves-carencias","status":"publish","type":"post","link":"https:\/\/zonaroja.com.mx\/?p=29681","title":{"rendered":"Personal del Hospital Civil de Oaxaca para labores; denuncia graves carencias"},"content":{"rendered":"\n<p class=\"MsoNormal\">Evlin Arag\u00f3n\/Zona Roja.&nbsp;<\/p>\n\n\n\n<p class=\"MsoNormal\">Oaxaca de Ju\u00e1rez, Oax., 13 de julio de 2021.- Personal del Hospital Civil \u201cDr. Aurelio Valdivieso\u201d comenz\u00f3 este martes una jornada de lucha y de protesta, para exigir a los Servicios de Salud de Oaxaca (SSO) la dotaci\u00f3n de medicamentos, insumos, materiales de curaci\u00f3n y equipamiento para el nosocomio, a fin de poder cumplir con su labor. <\/p>\n\n\n\n<p class=\"MsoNormal\">Con una concentraci\u00f3n en la fuente de las Ocho Regiones, un paro parcial de labores, un bloqueo temporal en la zona y una valla alrededor del nosocomio, ubicado en la capital, el personal asegur\u00f3 que se trata de una demanda que, desde hace a\u00f1os no ha podido ser resuelta por parte de las autoridades, de ah\u00ed que se han visto obligados a salir a las calles de nueva cuenta. <\/p>\n\n\n\n<p class=\"MsoNormal\">\u201cLa falta de insumos y medicamentos ha llegado a un punto l\u00edmite, es de verdad triste lo que est\u00e1 pasando en nuestro estado. Hacemos un llamado a las autoridades locales y federales para que volteen los ojos a Oaxaca\u201d, dijo Alberto V\u00e1zquez San Germ\u00e1n, secretario general de la subsecci\u00f3n 07 del Sindicato Nacional de Trabajadores de los Servicios de Salud.&nbsp;&nbsp;&nbsp;<\/p>\n\n\n\n<p class=\"MsoNormal\">Como lo explic\u00f3 hace un par de d\u00edas, expuso que, aunque el Hospital Civil recibe a personas de escasos recursos, se han visto en la necesidad de solicitarle el material para poder brindarles la atenci\u00f3n debido a la escasez generalizada que enfrentan.  <\/p>\n\n\n\n<p><div class=\"twitter-tweet\"><blockquote class=\"twitter-tweet\" data-lang=\"es\"><p lang=\"es\" dir=\"ltr\"><a href=\"https:\/\/twitter.com\/hashtag\/%C3%9AltimoMinuto?src=hash&amp;ref_src=twsrc%5Etfw\">#\u00daltimoMinuto<\/a> <br>Trabajadores del Hospital Civil \u201cDr. Aurelio Valdivieso\u201d paran labores y bloquean la calzada Porfirio D\u00edaz de la capital. <br>Denuncian falta medicamentos e insumos; hay apenas abasto del 10%. <br>Se\u00f1alan que <a href=\"https:\/\/twitter.com\/INSABI_mx?ref_src=twsrc%5Etfw\">@INSABI_mx<\/a> destin\u00f3 m\u00e1s de 2 mil mdp a Oaxaca y no se aplican. <a href=\"https:\/\/t.co\/ujqyPZJR64\">pic.twitter.com\/ujqyPZJR64<\/a><\/p>&mdash; Zona Roja Oaxaca (@Zona_Roja_Oax) <a href=\"https:\/\/twitter.com\/Zona_Roja_Oax\/status\/1414955975983968261?ref_src=twsrc%5Etfw\">13 de julio de 2021<\/a><\/blockquote><\/div><\/p>\n\n\n\n<p class=\"MsoNormal\">Al respecto, en conferencia de prensa, m\u00e9dicos del nosocomio indicaron que actualmente laboran con un diez por ciento de insumos, teniendo faltantes importantes de material tan b\u00e1sico como el alcohol, gel y cloro. Ni que decir del faltante de gasas que justo ayer un doctor en plena cirug\u00eda evidenciaba.&nbsp;&nbsp;<\/p>\n\n\n\n<p class=\"MsoNormal\">En este sentido, manifestaron que es innegable la crisis que se vive al interior de los Servicios de Salud, toda vez que enfrenta deudas a proveedores de alimentos, insumos y materiales de curaci\u00f3n, quienes recientemente se manifestaron de manera pac\u00edfica para exigir su pago&nbsp;correspondiente.&nbsp;<\/p>\n\n\n\n<p class=\"MsoNormal\">Misma situaci\u00f3n que evidenciaron arrendatarios de los inmuebles que albergan oficinas administrativas de la dependencia, quienes desde ayer impiden el acceso a los edificios debido a la falta de pago en las rentas de enero a julio de este 2021, acci\u00f3n que tambi\u00e9n se realiza en las regiones de la Costa e Istmo.&nbsp;<\/p>\n\n\n\n<p class=\"MsoNormal\">Por lo anterior, aseguraron que mantendr\u00e1n las protestas, incluido el paro en el \u00e1rea de Consulta Externa, que ya hab\u00eda retornado a la atenci\u00f3n en un 30 por ciento de su capacidad, hasta que sean escuchadas y atendidas sus demandas por parte de las autoridades.&nbsp;&nbsp;<\/p>\n\n\n\n<p class=\"MsoNormal\">Finalmente coincidieron en que est\u00e1n peor que en otros sexenios, pese al compromiso del gobernador Alejandro Murat Hinojosa de hacer de la salud un sector mayormente atendido durante su gesti\u00f3n.&nbsp;&nbsp;<\/p>\n\n\n\n<p class=\"MsoNormal\">\u201cEl segundo a\u00f1o de su gobierno, el gobernador se comprometi\u00f3 a que iba a ser el a\u00f1o de la salud, hasta ahorita no hemos visto que llegue ese segundo a\u00f1o de la salud, seguimos esper\u00e1ndolo. Nunca en la historia como ahora hab\u00edamos tenido tantas carencias\u201d, sentenci\u00f3 V\u00e1zquez San Germ\u00e1n. <\/p>\n","protected":false},"excerpt":{"rendered":"<p>Evlin Arag\u00f3n\/Zona Roja.&nbsp; Oaxaca de Ju\u00e1rez, Oax., 13 de julio de 2021.- Personal del Hospital&hellip;<\/p>\n","protected":false},"author":2,"featured_media":29680,"comment_status":"closed","ping_status":"open","sticky":false,"template":"","format":"standard","meta":{"_lmt_disableupdate":"","_lmt_disable":"","_jetpack_memberships_contains_paid_content":false,"footnotes":""},"categories":[109,47],"tags":[1005],"class_list":["post-29681","post","type-post","status-publish","format-standard","has-post-thumbnail","hentry","category-minuto-a-minuto","category-zona-gris","tag-servicios-de-salud-de-oaxaca-sso"],"jetpack_featured_media_url":"https:\/\/zonaroja.com.mx\/wp-content\/uploads\/2021\/07\/0f3c8a8b-7165-4be4-a4d1-3f1e1fee19d7.jpg","jetpack_sharing_enabled":true,"_links":{"self":[{"href":"https:\/\/zonaroja.com.mx\/index.php?rest_route=\/wp\/v2\/posts\/29681","targetHints":{"allow":["GET"]}}],"collection":[{"href":"https:\/\/zonaroja.com.mx\/index.php?rest_route=\/wp\/v2\/posts"}],"about":[{"href":"https:\/\/zonaroja.com.mx\/index.php?rest_route=\/wp\/v2\/types\/post"}],"author":[{"embeddable":true,"href":"https:\/\/zonaroja.com.mx\/index.php?rest_route=\/wp\/v2\/users\/2"}],"replies":[{"embeddable":true,"href":"https:\/\/zonaroja.com.mx\/index.php?rest_route=%2Fwp%2Fv2%2Fcomments&post=29681"}],"version-history":[{"count":1,"href":"https:\/\/zonaroja.com.mx\/index.php?rest_route=\/wp\/v2\/posts\/29681\/revisions"}],"predecessor-version":[{"id":29682,"href":"https:\/\/zonaroja.com.mx\/index.php?rest_route=\/wp\/v2\/posts\/29681\/revisions\/29682"}],"wp:featuredmedia":[{"embeddable":true,"href":"https:\/\/zonaroja.com.mx\/index.php?rest_route=\/wp\/v2\/media\/29680"}],"wp:attachment":[{"href":"https:\/\/zonaroja.com.mx\/index.php?rest_route=%2Fwp%2Fv2%2Fmedia&parent=29681"}],"wp:term":[{"taxonomy":"category","embeddable":true,"href":"https:\/\/zonaroja.com.mx\/index.php?rest_route=%2Fwp%2Fv2%2Fcategories&post=29681"},{"taxonomy":"post_tag","embeddable":true,"href":"https:\/\/zonaroja.com.mx\/index.php?rest_route=%2Fwp%2Fv2%2Ftags&post=29681"}],"curies":[{"name":"wp","href":"https:\/\/api.w.org\/{rel}","templated":true}]}}