{"id":29683,"date":"2021-07-13T14:55:52","date_gmt":"2021-07-13T19:55:52","guid":{"rendered":"http:\/\/www.zonaroja.com.mx\/?p=29683"},"modified":"2021-07-13T14:55:55","modified_gmt":"2021-07-13T19:55:55","slug":"comunidades-del-distrito-de-zimatlan-van-por-juicio-a-ex-presidentes","status":"publish","type":"post","link":"https:\/\/zonaroja.com.mx\/?p=29683","title":{"rendered":"Comunidades del distrito de Zimatl\u00e1n van por juicio a ex presidentes"},"content":{"rendered":"\n<p>Redacci\u00f3n\/Zona Roja.<\/p>\n\n\n\n<p>Oaxaca de Ju\u00e1rez, Oax. 13 de julio de 2021.- Habitantes de las comunidades del distrito XVI con cabecera en Zimatl\u00e1n de \u00c1lvarez, Oaxaca, refrendaron su disposici\u00f3n a participar en la consulta popular para enjuiciar a los ex presidentes de M\u00e9xico.<\/p>\n\n\n\n<p>Durante la reuni\u00f3n el representante popular por ese distrito, Horacio Sosa Villavicencio, enlist\u00f3 las razones por las que se deber\u00eda llevar a juicio a Carlos Salinas de Gortari (1988-1994), Ernesto Zedillo Ponce de Le\u00f3n (1994-2000), Vicente Fox Quezada (2000-2006), Felipe Calder\u00f3n (2006-2012) y Enrique Pe\u00f1a Nieto (2012-2018).<\/p>\n\n\n\n<p>Dentro de ellas, destac\u00f3 el haber entregado los bienes de la naci\u00f3n y del pueblo de M\u00e9xico a sus allegados. Adem\u00e1s de haber convertido El Fondo Bancario de Protecci\u00f3n al Ahorro el (Fobaproa) en deudas privadas de unos cuantos en deuda p\u00fablica, la cual llevamos pagando 30, 40 a\u00f1os.<\/p>\n\n\n\n<p>De haberle declarado la guerra a la delincuencia sin atender las causas; y\u00a0 llevar a cabo masacres, en las que hab\u00eda instrucciones de rematar a heridos. Indic\u00f3 que por esos y muchos motivos es necesario enjuiciar a los ex presidentes y acabar con la impunidad que tanto da\u00f1o le ha hecho al pa\u00eds.<\/p>\n\n\n\n<figure class=\"wp-block-embed-twitter wp-block-embed is-type-rich is-provider-twitter\"><div class=\"wp-block-embed__wrapper\">\n<div class=\"twitter-tweet\"><blockquote class=\"twitter-tweet\" data-lang=\"es\"><p lang=\"es\" dir=\"ltr\">Les comparto algunas razones para llevar a juicio a <a href=\"https:\/\/twitter.com\/FelipeCalderon?ref_src=twsrc%5Etfw\">@FelipeCalderon<\/a>, <a href=\"https:\/\/twitter.com\/VicenteFoxQue?ref_src=twsrc%5Etfw\">@VicenteFoxQue<\/a> y <a href=\"https:\/\/twitter.com\/EPN?ref_src=twsrc%5Etfw\">@EPN<\/a>. <br>Este 1 de agosto <a href=\"https:\/\/twitter.com\/hashtag\/VotaS%C3%AD?src=hash&amp;ref_src=twsrc%5Etfw\">#VotaS\u00ed<\/a> en la <a href=\"https:\/\/twitter.com\/hashtag\/ConsultaPopular?src=hash&amp;ref_src=twsrc%5Etfw\">#ConsultaPopular<\/a>. <a href=\"https:\/\/twitter.com\/hashtag\/EsLaHoraDelPueblo?src=hash&amp;ref_src=twsrc%5Etfw\">#EsLaHoraDelPueblo<\/a>.<a href=\"https:\/\/twitter.com\/hashtag\/JuicioS%C3%AD?src=hash&amp;ref_src=twsrc%5Etfw\">#JuicioS\u00ed<\/a> <a href=\"https:\/\/twitter.com\/hashtag\/ImpunidadNo?src=hash&amp;ref_src=twsrc%5Etfw\">#ImpunidadNo<\/a><br><br>\ud83d\udc49\ud83c\udffe<a href=\"https:\/\/t.co\/td7YBtjmSQ\">https:\/\/t.co\/td7YBtjmSQ<\/a><a href=\"https:\/\/twitter.com\/Desde_Izquierda?ref_src=twsrc%5Etfw\">@Desde_Izquierda<\/a><\/p>&mdash; Horacio Sosa Villavicencio (@HoracioSosaOax) <a href=\"https:\/\/twitter.com\/HoracioSosaOax\/status\/1414669110466813956?ref_src=twsrc%5Etfw\">12 de julio de 2021<\/a><\/blockquote><\/div>\n<\/div><\/figure>\n\n\n\n<p>Horacio Sosa Villavicencio se\u00f1al\u00f3 que ser\u00e1 el 1 de agosto pr\u00f3ximo cuando se haga la consulta popular en la que es necesario la participaci\u00f3n del pueblo de Oaxaca.<\/p>\n\n\n\n<p>Mencion\u00f3 que en Oaxaca se necesitan dos millones de votos a favor de la consulta popular para iniciar el juicio a los expresidentes de nuestro pa\u00eds.<\/p>\n\n\n\n<p>La consulta es un mecanismo de participaci\u00f3n en el que la ciudadan\u00eda aprueba o rechaza una o varias propuestas sobre temas de inter\u00e9s p\u00fablico.<\/p>\n\n\n\n<p>Al evento informativo realizado en Zimatl\u00e1n de \u00c1lvarez, asistieron tambi\u00e9n, la secretaria General de Morena en Oaxaca, Elizabeth Reyes Nolasco; la diputada Griselda Sosa V\u00e1squez; Melina Hern\u00e1ndez Sosa, diputada electa del distrito de Ixtl\u00e1n de Ju\u00e1rez; el diputado P\u00e1vel M\u00e9lendez Cruz y Agust\u00edn Cuevas Hern\u00e1ndez, regidor de Desarrollo Agropecuario de Zimatl\u00e1n.<\/p>\n","protected":false},"excerpt":{"rendered":"<p>Redacci\u00f3n\/Zona Roja. Oaxaca de Ju\u00e1rez, Oax. 13 de julio de 2021.- Habitantes de las comunidades&hellip;<\/p>\n","protected":false},"author":2,"featured_media":29684,"comment_status":"closed","ping_status":"open","sticky":false,"template":"","format":"standard","meta":{"_lmt_disableupdate":"","_lmt_disable":"","_jetpack_memberships_contains_paid_content":false,"footnotes":""},"categories":[109,46],"tags":[444],"class_list":["post-29683","post","type-post","status-publish","format-standard","has-post-thumbnail","hentry","category-minuto-a-minuto","category-zona-blanca","tag-horacio-sosa-villavicencio"],"jetpack_featured_media_url":"https:\/\/zonaroja.com.mx\/wp-content\/uploads\/2021\/07\/Distrito-de-Zimatlan-de-Alvarez-va-por-juicio-a-ex-presidentes-2.jpeg","jetpack_sharing_enabled":true,"_links":{"self":[{"href":"https:\/\/zonaroja.com.mx\/index.php?rest_route=\/wp\/v2\/posts\/29683","targetHints":{"allow":["GET"]}}],"collection":[{"href":"https:\/\/zonaroja.com.mx\/index.php?rest_route=\/wp\/v2\/posts"}],"about":[{"href":"https:\/\/zonaroja.com.mx\/index.php?rest_route=\/wp\/v2\/types\/post"}],"author":[{"embeddable":true,"href":"https:\/\/zonaroja.com.mx\/index.php?rest_route=\/wp\/v2\/users\/2"}],"replies":[{"embeddable":true,"href":"https:\/\/zonaroja.com.mx\/index.php?rest_route=%2Fwp%2Fv2%2Fcomments&post=29683"}],"version-history":[{"count":1,"href":"https:\/\/zonaroja.com.mx\/index.php?rest_route=\/wp\/v2\/posts\/29683\/revisions"}],"predecessor-version":[{"id":29685,"href":"https:\/\/zonaroja.com.mx\/index.php?rest_route=\/wp\/v2\/posts\/29683\/revisions\/29685"}],"wp:featuredmedia":[{"embeddable":true,"href":"https:\/\/zonaroja.com.mx\/index.php?rest_route=\/wp\/v2\/media\/29684"}],"wp:attachment":[{"href":"https:\/\/zonaroja.com.mx\/index.php?rest_route=%2Fwp%2Fv2%2Fmedia&parent=29683"}],"wp:term":[{"taxonomy":"category","embeddable":true,"href":"https:\/\/zonaroja.com.mx\/index.php?rest_route=%2Fwp%2Fv2%2Fcategories&post=29683"},{"taxonomy":"post_tag","embeddable":true,"href":"https:\/\/zonaroja.com.mx\/index.php?rest_route=%2Fwp%2Fv2%2Ftags&post=29683"}],"curies":[{"name":"wp","href":"https:\/\/api.w.org\/{rel}","templated":true}]}}